{"id":1457,"date":"2011-10-17T08:46:28","date_gmt":"2011-10-17T07:46:28","guid":{"rendered":"http:\/\/www.pabloromero.fr\/?p=1457"},"modified":"2011-10-17T08:46:28","modified_gmt":"2011-10-17T07:46:28","slug":"coordination-des-clubs-taurins-de-nimes-et-du-gard-communique","status":"publish","type":"post","link":"https:\/\/pabloromero.fr\/?p=1457","title":{"rendered":"Coordination des Clubs Taurins de N\u00eemes et du Gard ( Communiqu\u00e9)"},"content":{"rendered":"<p>Apr\u00e8s la provocation devant la statue de Nimeno, les anti-corrida ont franchi une nouvelle \u00e9tape, lors d&#8217;une op\u00e9ration commando en piste dans les ar\u00e8nes de Rodilhan pour la finale de Graines deTorero.<\/p>\n<p>L&#8217;escalade dans la provocation et la violence des anti-corrida a atteint son but.<\/p>\n<p>La Coordination ne cautionne pas et ne cautionnera jamais aucune violence et aucune provocation.<\/p>\n<p>Elle r\u00e9affirme son attachement au respect des hommes et de leurs lois.<\/p>\n<p>Elle tient \u00e0 rappeler que les spectacles taurins sont l\u00e9gaux o\u00f9 ils sont organis\u00e9s.<\/p>\n<p>La Coordination demande aux pouvoirs publics et \u00e0 ses repr\u00e9sentants de prendre leurs responsabilit\u00e9s, il est de leur devoir de tout mettre en oeuvre pour que de prochains affrontements n\u2019aient pas lieu.<\/p>\n<p>Si la loi n&#8217;est pas respect\u00e9e, nous craignons que la r\u00e9p\u00e9tition de ces actes de violence ou de provocation n&#8217;aboutisse \u00e0 un drame.<\/p>\n<p>En ce qui concerne le Rassemblement de l&#8217;Aficion du 21 octobre \u00e0 19 h 30 devant la statue de Nimeno, la Coordination demande \u00e0 tous ses membres et sympathisants de ne pas c\u00e9der \u00e0 la moindre provocation, de manifester silencieusement et dans le respect.<\/p>\n<p>N\u00eemes 13 octobre 13\/10\/2011<\/p>\n<p><a href=\"mailto:coordination.printemps@gmail.com\">coordination.printemps@gmail.com<\/a><\/p>\n<p>&nbsp;<\/p>\n","protected":false},"excerpt":{"rendered":"<p>Apr\u00e8s la provocation devant la statue de Nimeno, les anti-corrida ont franchi une nouvelle \u00e9tape, lors d&#8217;une op\u00e9ration commando en piste dans les ar\u00e8nes de Rodilhan pour la finale de Graines deTorero. L&#8217;escalade dans la provocation et la violence des anti-corrida a atteint son but. La Coordination ne cautionne pas et ne cautionnera jamais aucune [&hellip;]<\/p>\n","protected":false},"author":62,"featured_media":0,"comment_status":"open","ping_status":"open","sticky":false,"template":"","format":"standard","meta":{"footnotes":""},"categories":[5],"tags":[],"class_list":["post-1457","post","type-post","status-publish","format-standard","hentry","category-activite"],"yoast_head":"<!-- This site is optimized with the Yoast SEO plugin v24.7 - https:\/\/yoast.com\/wordpress\/plugins\/seo\/ -->\n<title>Coordination des Clubs Taurins de N\u00eemes et du Gard ( Communiqu\u00e9) - Les amis de PABLO ROMERO<\/title>\n<meta name=\"robots\" content=\"index, follow, max-snippet:-1, max-image-preview:large, max-video-preview:-1\" \/>\n<link rel=\"canonical\" href=\"https:\/\/pabloromero.fr\/?p=1457\" \/>\n<meta property=\"og:locale\" content=\"fr_FR\" \/>\n<meta property=\"og:type\" content=\"article\" \/>\n<meta property=\"og:title\" content=\"Coordination des Clubs Taurins de N\u00eemes et du Gard ( Communiqu\u00e9) - Les amis de PABLO ROMERO\" \/>\n<meta property=\"og:description\" content=\"Apr\u00e8s la provocation devant la statue de Nimeno, les anti-corrida ont franchi une nouvelle \u00e9tape, lors d&#8217;une op\u00e9ration commando en piste dans les ar\u00e8nes de Rodilhan pour la finale de Graines deTorero. L&#8217;escalade dans la provocation et la violence des anti-corrida a atteint son but. La Coordination ne cautionne pas et ne cautionnera jamais aucune [&hellip;]\" \/>\n<meta property=\"og:url\" content=\"https:\/\/pabloromero.fr\/?p=1457\" \/>\n<meta property=\"og:site_name\" content=\"Les amis de PABLO ROMERO\" \/>\n<meta property=\"article:published_time\" content=\"2011-10-17T07:46:28+00:00\" \/>\n<meta name=\"author\" content=\"Joe GABOURDES\" \/>\n<meta name=\"twitter:card\" content=\"summary_large_image\" \/>\n<meta name=\"twitter:label1\" content=\"\u00c9crit par\" \/>\n\t<meta name=\"twitter:data1\" content=\"Joe GABOURDES\" \/>\n\t<meta name=\"twitter:label2\" content=\"Dur\u00e9e de lecture estim\u00e9e\" \/>\n\t<meta name=\"twitter:data2\" content=\"1 minute\" \/>\n<script type=\"application\/ld+json\" class=\"yoast-schema-graph\">{\"@context\":\"https:\/\/schema.org\",\"@graph\":[{\"@type\":\"WebPage\",\"@id\":\"https:\/\/pabloromero.fr\/?p=1457\",\"url\":\"https:\/\/pabloromero.fr\/?p=1457\",\"name\":\"Coordination des Clubs Taurins de N\u00eemes et du Gard ( Communiqu\u00e9) - Les amis de PABLO ROMERO\",\"isPartOf\":{\"@id\":\"https:\/\/pabloromero.fr\/#website\"},\"datePublished\":\"2011-10-17T07:46:28+00:00\",\"author\":{\"@id\":\"https:\/\/pabloromero.fr\/#\/schema\/person\/9a84fa43a884811bcc0baa38413d55e2\"},\"breadcrumb\":{\"@id\":\"https:\/\/pabloromero.fr\/?p=1457#breadcrumb\"},\"inLanguage\":\"fr-FR\",\"potentialAction\":[{\"@type\":\"ReadAction\",\"target\":[\"https:\/\/pabloromero.fr\/?p=1457\"]}]},{\"@type\":\"BreadcrumbList\",\"@id\":\"https:\/\/pabloromero.fr\/?p=1457#breadcrumb\",\"itemListElement\":[{\"@type\":\"ListItem\",\"position\":1,\"name\":\"Accueil\",\"item\":\"https:\/\/pabloromero.fr\/\"},{\"@type\":\"ListItem\",\"position\":2,\"name\":\"Coordination des Clubs Taurins de N\u00eemes et du Gard ( Communiqu\u00e9)\"}]},{\"@type\":\"WebSite\",\"@id\":\"https:\/\/pabloromero.fr\/#website\",\"url\":\"https:\/\/pabloromero.fr\/\",\"name\":\"Les amis de PABLO ROMERO\",\"description\":\"L&#039;activit\u00e9 de l&#039;association &quot;les amis de PABLO ROMERO&quot;\",\"potentialAction\":[{\"@type\":\"SearchAction\",\"target\":{\"@type\":\"EntryPoint\",\"urlTemplate\":\"https:\/\/pabloromero.fr\/?s={search_term_string}\"},\"query-input\":{\"@type\":\"PropertyValueSpecification\",\"valueRequired\":true,\"valueName\":\"search_term_string\"}}],\"inLanguage\":\"fr-FR\"},{\"@type\":\"Person\",\"@id\":\"https:\/\/pabloromero.fr\/#\/schema\/person\/9a84fa43a884811bcc0baa38413d55e2\",\"name\":\"Joe GABOURDES\",\"image\":{\"@type\":\"ImageObject\",\"inLanguage\":\"fr-FR\",\"@id\":\"https:\/\/pabloromero.fr\/#\/schema\/person\/image\/\",\"url\":\"https:\/\/secure.gravatar.com\/avatar\/a99e13c0f814e56e0e20d0be48da505a?s=96&d=mm&r=g\",\"contentUrl\":\"https:\/\/secure.gravatar.com\/avatar\/a99e13c0f814e56e0e20d0be48da505a?s=96&d=mm&r=g\",\"caption\":\"Joe GABOURDES\"},\"url\":\"https:\/\/pabloromero.fr\/?author=62\"}]}<\/script>\n<!-- \/ Yoast SEO plugin. -->","yoast_head_json":{"title":"Coordination des Clubs Taurins de N\u00eemes et du Gard ( Communiqu\u00e9) - Les amis de PABLO ROMERO","robots":{"index":"index","follow":"follow","max-snippet":"max-snippet:-1","max-image-preview":"max-image-preview:large","max-video-preview":"max-video-preview:-1"},"canonical":"https:\/\/pabloromero.fr\/?p=1457","og_locale":"fr_FR","og_type":"article","og_title":"Coordination des Clubs Taurins de N\u00eemes et du Gard ( Communiqu\u00e9) - Les amis de PABLO ROMERO","og_description":"Apr\u00e8s la provocation devant la statue de Nimeno, les anti-corrida ont franchi une nouvelle \u00e9tape, lors d&#8217;une op\u00e9ration commando en piste dans les ar\u00e8nes de Rodilhan pour la finale de Graines deTorero. L&#8217;escalade dans la provocation et la violence des anti-corrida a atteint son but. La Coordination ne cautionne pas et ne cautionnera jamais aucune [&hellip;]","og_url":"https:\/\/pabloromero.fr\/?p=1457","og_site_name":"Les amis de PABLO ROMERO","article_published_time":"2011-10-17T07:46:28+00:00","author":"Joe GABOURDES","twitter_card":"summary_large_image","twitter_misc":{"\u00c9crit par":"Joe GABOURDES","Dur\u00e9e de lecture estim\u00e9e":"1 minute"},"schema":{"@context":"https:\/\/schema.org","@graph":[{"@type":"WebPage","@id":"https:\/\/pabloromero.fr\/?p=1457","url":"https:\/\/pabloromero.fr\/?p=1457","name":"Coordination des Clubs Taurins de N\u00eemes et du Gard ( Communiqu\u00e9) - Les amis de PABLO ROMERO","isPartOf":{"@id":"https:\/\/pabloromero.fr\/#website"},"datePublished":"2011-10-17T07:46:28+00:00","author":{"@id":"https:\/\/pabloromero.fr\/#\/schema\/person\/9a84fa43a884811bcc0baa38413d55e2"},"breadcrumb":{"@id":"https:\/\/pabloromero.fr\/?p=1457#breadcrumb"},"inLanguage":"fr-FR","potentialAction":[{"@type":"ReadAction","target":["https:\/\/pabloromero.fr\/?p=1457"]}]},{"@type":"BreadcrumbList","@id":"https:\/\/pabloromero.fr\/?p=1457#breadcrumb","itemListElement":[{"@type":"ListItem","position":1,"name":"Accueil","item":"https:\/\/pabloromero.fr\/"},{"@type":"ListItem","position":2,"name":"Coordination des Clubs Taurins de N\u00eemes et du Gard ( Communiqu\u00e9)"}]},{"@type":"WebSite","@id":"https:\/\/pabloromero.fr\/#website","url":"https:\/\/pabloromero.fr\/","name":"Les amis de PABLO ROMERO","description":"L&#039;activit\u00e9 de l&#039;association &quot;les amis de PABLO ROMERO&quot;","potentialAction":[{"@type":"SearchAction","target":{"@type":"EntryPoint","urlTemplate":"https:\/\/pabloromero.fr\/?s={search_term_string}"},"query-input":{"@type":"PropertyValueSpecification","valueRequired":true,"valueName":"search_term_string"}}],"inLanguage":"fr-FR"},{"@type":"Person","@id":"https:\/\/pabloromero.fr\/#\/schema\/person\/9a84fa43a884811bcc0baa38413d55e2","name":"Joe GABOURDES","image":{"@type":"ImageObject","inLanguage":"fr-FR","@id":"https:\/\/pabloromero.fr\/#\/schema\/person\/image\/","url":"https:\/\/secure.gravatar.com\/avatar\/a99e13c0f814e56e0e20d0be48da505a?s=96&d=mm&r=g","contentUrl":"https:\/\/secure.gravatar.com\/avatar\/a99e13c0f814e56e0e20d0be48da505a?s=96&d=mm&r=g","caption":"Joe GABOURDES"},"url":"https:\/\/pabloromero.fr\/?author=62"}]}},"_links":{"self":[{"href":"https:\/\/pabloromero.fr\/index.php?rest_route=\/wp\/v2\/posts\/1457"}],"collection":[{"href":"https:\/\/pabloromero.fr\/index.php?rest_route=\/wp\/v2\/posts"}],"about":[{"href":"https:\/\/pabloromero.fr\/index.php?rest_route=\/wp\/v2\/types\/post"}],"author":[{"embeddable":true,"href":"https:\/\/pabloromero.fr\/index.php?rest_route=\/wp\/v2\/users\/62"}],"replies":[{"embeddable":true,"href":"https:\/\/pabloromero.fr\/index.php?rest_route=%2Fwp%2Fv2%2Fcomments&post=1457"}],"version-history":[{"count":1,"href":"https:\/\/pabloromero.fr\/index.php?rest_route=\/wp\/v2\/posts\/1457\/revisions"}],"predecessor-version":[{"id":1458,"href":"https:\/\/pabloromero.fr\/index.php?rest_route=\/wp\/v2\/posts\/1457\/revisions\/1458"}],"wp:attachment":[{"href":"https:\/\/pabloromero.fr\/index.php?rest_route=%2Fwp%2Fv2%2Fmedia&parent=1457"}],"wp:term":[{"taxonomy":"category","embeddable":true,"href":"https:\/\/pabloromero.fr\/index.php?rest_route=%2Fwp%2Fv2%2Fcategories&post=1457"},{"taxonomy":"post_tag","embeddable":true,"href":"https:\/\/pabloromero.fr\/index.php?rest_route=%2Fwp%2Fv2%2Ftags&post=1457"}],"curies":[{"name":"wp","href":"https:\/\/api.w.org\/{rel}","templated":true}]}}