{"id":1970,"date":"2012-06-09T11:04:57","date_gmt":"2012-06-09T10:04:57","guid":{"rendered":"http:\/\/www.pabloromero.fr\/?p=1970"},"modified":"2012-06-09T11:04:57","modified_gmt":"2012-06-09T10:04:57","slug":"livre-catalogue-de-lexposition-picasso-sous-le-soleil-de-francoise","status":"publish","type":"post","link":"https:\/\/pabloromero.fr\/?p=1970","title":{"rendered":"\u00ab livre-catalogue \u00bb de l\u2019exposition Picasso sous le soleil de Fran\u00e7oise"},"content":{"rendered":"<p align=\"center\"><strong>\u00c0 LA VIE, \u00c0 LA MORT<\/strong><\/p>\n<p><a href=\"http:\/\/www.pabloromero.fr\/wp-content\/uploads\/Annie_Maillis.pdf\"><img loading=\"lazy\" decoding=\"async\" class=\"alignright size-medium wp-image-1971\" title=\"Annie_Maillis\" src=\"http:\/\/www.pabloromero.fr\/wp-content\/uploads\/Annie_Maillis-222x300.jpg\" alt=\"\" width=\"222\" height=\"300\" srcset=\"https:\/\/pabloromero.fr\/wp-content\/uploads\/Annie_Maillis-222x300.jpg 222w, https:\/\/pabloromero.fr\/wp-content\/uploads\/Annie_Maillis.jpg 405w\" sizes=\"(max-width: 222px) 100vw, 222px\" \/><\/a>Annie Ma\u00efllis, <em>Picasso sous le soleil de Fran\u00e7oise\u00a0: l\u2019artiste, la femme, le toro\u00a0<\/em>; Images En Man\u0153uvres \u00c9ditions, Marseille 2012\u00a0; 184 p. &#8211; 35 \u20ac &#8211;<\/p>\n<p>&nbsp;<\/p>\n<p>Ce \u00ab\u00a0livre-catalogue\u00a0\u00bb de l\u2019exposition <em>Picasso sous le soleil de Fran\u00e7oise, N\u00eemes et les toros<\/em>, pr\u00e9sent\u00e9e du 24 mai au 7 octobre 2012 au <em>Mus\u00e9e des cultures taurines<\/em> de N\u00eemes, se lit avec d\u00e9lices.<\/p>\n<p>Annie Ma\u00efllis, sp\u00e9cialiste en la mati\u00e8re, nous propose une \u00ab\u00a0\u00e9tude r\u00e9serv\u00e9e \u00e0 la mutation du traitement de la corrida [dans l\u2019\u0153uvre de Picasso]\u00a0\u00bb (p. 149). Mais nul besoin d\u2019aimer la corrida, ni m\u00eame de la conna\u00eetre, pour entrer dans cet \u00e9clairage des tauromachies du ma\u00eetre, document\u00e9, minutieux et profond, toujours suggestif, jamais p\u00e9dant. Picasso ne <em>re<\/em>-pr\u00e9sente pas la tauromachie. C\u2019est au contraire la tauromachie qui l\u2019habite, qui entre en \u00e9cho avec ce qui bouillonne en lui. Elle devient en quelque sorte le motif po\u00e9tique par lequel il s\u2019exprime. Et comme tout cr\u00e9ateur de g\u00e9nie, c\u2019est le myst\u00e8re de l\u2019Homme qu\u2019il <em>ex<\/em>-pose \u00e0 travers ses propres \u00e9motions taurines\u00a0: l\u2019Homme confront\u00e9 \u00e0 la vie, \u00e0 la violence et \u00e0 l\u2019amour, sur arri\u00e8re-fond de mort in\u00e9luctable. Nombre de pr\u00e9historiens ne pensent-ils pas que l\u2019Homme aurait invent\u00e9 l\u2019art parce qu\u2019il avait conscience qu\u2019il allait mourir\u00a0?<\/p>\n<p>Frapp\u00e9 depuis son plus jeune \u00e2ge par l\u2019affrontement brutal du picador et du toro, Picasso-\u00ab\u00a0toro\u00a0\u00bb en fait ensuite l\u2019image de ses amours tumultueuses\u00a0: Olga, Marie-Th\u00e9r\u00e8se, Dora Maar\u2026 Avec le bonheur paisible trouv\u00e9 aupr\u00e8s de Fran\u00e7oise Gilot, le sujet, plus l\u00e9ger, des banderilles appara\u00eet, tandis que l\u2019image de la femme s\u2019efface des tauromachies.<\/p>\n<p>Mais l\u2019analyse d\u2019Annie Ma\u00efllis va beaucoup plus loin, et je la trouve tr\u00e8s convaincante. Non seulement la corrida devient le v\u00e9hicule des \u00e9motions du peintre-graveur-potier-sculpteur -on conna\u00eet le g\u00e9nie prot\u00e9iforme de Picasso-, mais elle rejoint et inspire sa mani\u00e8re m\u00eame de peindre, de graver, de travailler la terre, de sculpter\u00a0: la peinture-corrida comme art du geste sans repentir, de la fragilit\u00e9, de l\u2019\u00e9ph\u00e9m\u00e8re\u2026 la peinture-corrida comme art de la vie affirm\u00e9e face \u00e0 la mort\u2026<\/p>\n<p>\u00c9videmment, le livre fait la part belle au \u00ab\u00a0soleil de Fran\u00e7oise\u00a0\u00bb [Gilot], dont Annie Ma\u00efllis est proche et gr\u00e2ce \u00e0 laquelle elle d\u00e9crypte l\u2019\u0153uvre au plus pr\u00e8s de la r\u00e9alit\u00e9, nous donnant acc\u00e8s \u00e0 l\u2019homme Picasso avec ses complexit\u00e9s et sa qu\u00eate cach\u00e9e, en m\u00eame temps qu\u2019\u00e0 l\u2019\u0153uvre.<\/p>\n<p>Vaut-il mieux voir l\u2019exposition ou lire le livre en premier\u00a0? Les deux approches ont leur l\u00e9gitimit\u00e9. Mais il faut certainement avoir lu le livre pour profiter pleinement des \u0153uvres, au-del\u00e0 de l\u2019\u00e9motion premi\u00e8re.<\/p>\n<p>Qui aime se confronter \u00e0 la cr\u00e9ation artistique moderne, souvent \u00e9nigmatique, aura grand plaisir \u00e0 \u00ab\u00a0lire\u00a0\u00bb les tauromachies de Picasso en compagnie d\u2019Annie Ma\u00efllis, d\u2019autant plus que l\u2019iconographie est aussi riche que pertinente. L\u2019aficionado pourra, en outre, s\u2019y ouvrir aux profondeurs de la passion qu\u2019il ressent mais qu\u2019il a tant de mal \u00e0 exprimer. Le d\u00e9tracteur, de son c\u00f4t\u00e9, pourra s\u2019y ouvrir \u00e0 la puissance symbolique de ce spectacle qui lui semble honteuse \u00ab\u00a0boucherie\u00a0\u00bb. Personne ne pourra faire l\u2019\u00e9conomie de se trouver plong\u00e9 dans le myst\u00e8re de l\u2019Homme et renvoy\u00e9 \u00e0 sa propre existence.<\/p>\n<p>C\u2019est le propre des cr\u00e9ations de g\u00e9nie. Merci \u00e0 Annie Ma\u00efllis de nous y introduire.<\/p>\n<p>Jacques Teissier<\/p>\n","protected":false},"excerpt":{"rendered":"<p>\u00c0 LA VIE, \u00c0 LA MORT Annie Ma\u00efllis, Picasso sous le soleil de Fran\u00e7oise\u00a0: l\u2019artiste, la femme, le toro\u00a0; Images En Man\u0153uvres \u00c9ditions, Marseille 2012\u00a0; 184 p. &#8211; 35 \u20ac &#8211; &nbsp; Ce \u00ab\u00a0livre-catalogue\u00a0\u00bb de l\u2019exposition Picasso sous le soleil de Fran\u00e7oise, N\u00eemes et les toros, pr\u00e9sent\u00e9e du 24 mai au 7 octobre 2012 au [&hellip;]<\/p>\n","protected":false},"author":127,"featured_media":0,"comment_status":"open","ping_status":"open","sticky":false,"template":"","format":"standard","meta":{"footnotes":""},"categories":[1],"tags":[],"class_list":["post-1970","post","type-post","status-publish","format-standard","hentry","category-non-classe"],"yoast_head":"<!-- This site is optimized with the Yoast SEO plugin v24.7 - https:\/\/yoast.com\/wordpress\/plugins\/seo\/ -->\n<title>\u00ab livre-catalogue \u00bb de l\u2019exposition Picasso sous le soleil de Fran\u00e7oise - Les amis de PABLO ROMERO<\/title>\n<meta name=\"robots\" content=\"index, follow, max-snippet:-1, max-image-preview:large, max-video-preview:-1\" \/>\n<link rel=\"canonical\" href=\"https:\/\/pabloromero.fr\/?p=1970\" \/>\n<meta property=\"og:locale\" content=\"fr_FR\" \/>\n<meta property=\"og:type\" content=\"article\" \/>\n<meta property=\"og:title\" content=\"\u00ab livre-catalogue \u00bb de l\u2019exposition Picasso sous le soleil de Fran\u00e7oise - Les amis de PABLO ROMERO\" \/>\n<meta property=\"og:description\" content=\"\u00c0 LA VIE, \u00c0 LA MORT Annie Ma\u00efllis, Picasso sous le soleil de Fran\u00e7oise\u00a0: l\u2019artiste, la femme, le toro\u00a0; Images En Man\u0153uvres \u00c9ditions, Marseille 2012\u00a0; 184 p. &#8211; 35 \u20ac &#8211; &nbsp; Ce \u00ab\u00a0livre-catalogue\u00a0\u00bb de l\u2019exposition Picasso sous le soleil de Fran\u00e7oise, N\u00eemes et les toros, pr\u00e9sent\u00e9e du 24 mai au 7 octobre 2012 au [&hellip;]\" \/>\n<meta property=\"og:url\" content=\"https:\/\/pabloromero.fr\/?p=1970\" \/>\n<meta property=\"og:site_name\" content=\"Les amis de PABLO ROMERO\" \/>\n<meta property=\"article:published_time\" content=\"2012-06-09T10:04:57+00:00\" \/>\n<meta property=\"og:image\" content=\"http:\/\/www.pabloromero.fr\/wp-content\/uploads\/Annie_Maillis-222x300.jpg\" \/>\n<meta name=\"author\" content=\"Jacques TEISSIER\" \/>\n<meta name=\"twitter:card\" content=\"summary_large_image\" \/>\n<meta name=\"twitter:label1\" content=\"\u00c9crit par\" \/>\n\t<meta name=\"twitter:data1\" content=\"Jacques TEISSIER\" \/>\n\t<meta name=\"twitter:label2\" content=\"Dur\u00e9e de lecture estim\u00e9e\" \/>\n\t<meta name=\"twitter:data2\" content=\"3 minutes\" \/>\n<script type=\"application\/ld+json\" class=\"yoast-schema-graph\">{\"@context\":\"https:\/\/schema.org\",\"@graph\":[{\"@type\":\"WebPage\",\"@id\":\"https:\/\/pabloromero.fr\/?p=1970\",\"url\":\"https:\/\/pabloromero.fr\/?p=1970\",\"name\":\"\u00ab livre-catalogue \u00bb de l\u2019exposition Picasso sous le soleil de Fran\u00e7oise - Les amis de PABLO ROMERO\",\"isPartOf\":{\"@id\":\"https:\/\/pabloromero.fr\/#website\"},\"primaryImageOfPage\":{\"@id\":\"https:\/\/pabloromero.fr\/?p=1970#primaryimage\"},\"image\":{\"@id\":\"https:\/\/pabloromero.fr\/?p=1970#primaryimage\"},\"thumbnailUrl\":\"http:\/\/www.pabloromero.fr\/wp-content\/uploads\/Annie_Maillis-222x300.jpg\",\"datePublished\":\"2012-06-09T10:04:57+00:00\",\"author\":{\"@id\":\"https:\/\/pabloromero.fr\/#\/schema\/person\/c596e9a552995ff4a7ba12925f8a95bb\"},\"breadcrumb\":{\"@id\":\"https:\/\/pabloromero.fr\/?p=1970#breadcrumb\"},\"inLanguage\":\"fr-FR\",\"potentialAction\":[{\"@type\":\"ReadAction\",\"target\":[\"https:\/\/pabloromero.fr\/?p=1970\"]}]},{\"@type\":\"ImageObject\",\"inLanguage\":\"fr-FR\",\"@id\":\"https:\/\/pabloromero.fr\/?p=1970#primaryimage\",\"url\":\"http:\/\/www.pabloromero.fr\/wp-content\/uploads\/Annie_Maillis-222x300.jpg\",\"contentUrl\":\"http:\/\/www.pabloromero.fr\/wp-content\/uploads\/Annie_Maillis-222x300.jpg\"},{\"@type\":\"BreadcrumbList\",\"@id\":\"https:\/\/pabloromero.fr\/?p=1970#breadcrumb\",\"itemListElement\":[{\"@type\":\"ListItem\",\"position\":1,\"name\":\"Accueil\",\"item\":\"https:\/\/pabloromero.fr\/\"},{\"@type\":\"ListItem\",\"position\":2,\"name\":\"\u00ab livre-catalogue \u00bb de l\u2019exposition Picasso sous le soleil de Fran\u00e7oise\"}]},{\"@type\":\"WebSite\",\"@id\":\"https:\/\/pabloromero.fr\/#website\",\"url\":\"https:\/\/pabloromero.fr\/\",\"name\":\"Les amis de PABLO ROMERO\",\"description\":\"L&#039;activit\u00e9 de l&#039;association &quot;les amis de PABLO ROMERO&quot;\",\"potentialAction\":[{\"@type\":\"SearchAction\",\"target\":{\"@type\":\"EntryPoint\",\"urlTemplate\":\"https:\/\/pabloromero.fr\/?s={search_term_string}\"},\"query-input\":{\"@type\":\"PropertyValueSpecification\",\"valueRequired\":true,\"valueName\":\"search_term_string\"}}],\"inLanguage\":\"fr-FR\"},{\"@type\":\"Person\",\"@id\":\"https:\/\/pabloromero.fr\/#\/schema\/person\/c596e9a552995ff4a7ba12925f8a95bb\",\"name\":\"Jacques TEISSIER\",\"image\":{\"@type\":\"ImageObject\",\"inLanguage\":\"fr-FR\",\"@id\":\"https:\/\/pabloromero.fr\/#\/schema\/person\/image\/\",\"url\":\"https:\/\/secure.gravatar.com\/avatar\/f956a8fc52440542bf459e65927b9e03?s=96&d=mm&r=g\",\"contentUrl\":\"https:\/\/secure.gravatar.com\/avatar\/f956a8fc52440542bf459e65927b9e03?s=96&d=mm&r=g\",\"caption\":\"Jacques TEISSIER\"},\"url\":\"https:\/\/pabloromero.fr\/?author=127\"}]}<\/script>\n<!-- \/ Yoast SEO plugin. -->","yoast_head_json":{"title":"\u00ab livre-catalogue \u00bb de l\u2019exposition Picasso sous le soleil de Fran\u00e7oise - Les amis de PABLO ROMERO","robots":{"index":"index","follow":"follow","max-snippet":"max-snippet:-1","max-image-preview":"max-image-preview:large","max-video-preview":"max-video-preview:-1"},"canonical":"https:\/\/pabloromero.fr\/?p=1970","og_locale":"fr_FR","og_type":"article","og_title":"\u00ab livre-catalogue \u00bb de l\u2019exposition Picasso sous le soleil de Fran\u00e7oise - Les amis de PABLO ROMERO","og_description":"\u00c0 LA VIE, \u00c0 LA MORT Annie Ma\u00efllis, Picasso sous le soleil de Fran\u00e7oise\u00a0: l\u2019artiste, la femme, le toro\u00a0; Images En Man\u0153uvres \u00c9ditions, Marseille 2012\u00a0; 184 p. &#8211; 35 \u20ac &#8211; &nbsp; Ce \u00ab\u00a0livre-catalogue\u00a0\u00bb de l\u2019exposition Picasso sous le soleil de Fran\u00e7oise, N\u00eemes et les toros, pr\u00e9sent\u00e9e du 24 mai au 7 octobre 2012 au [&hellip;]","og_url":"https:\/\/pabloromero.fr\/?p=1970","og_site_name":"Les amis de PABLO ROMERO","article_published_time":"2012-06-09T10:04:57+00:00","og_image":[{"url":"http:\/\/www.pabloromero.fr\/wp-content\/uploads\/Annie_Maillis-222x300.jpg","type":"","width":"","height":""}],"author":"Jacques TEISSIER","twitter_card":"summary_large_image","twitter_misc":{"\u00c9crit par":"Jacques TEISSIER","Dur\u00e9e de lecture estim\u00e9e":"3 minutes"},"schema":{"@context":"https:\/\/schema.org","@graph":[{"@type":"WebPage","@id":"https:\/\/pabloromero.fr\/?p=1970","url":"https:\/\/pabloromero.fr\/?p=1970","name":"\u00ab livre-catalogue \u00bb de l\u2019exposition Picasso sous le soleil de Fran\u00e7oise - Les amis de PABLO ROMERO","isPartOf":{"@id":"https:\/\/pabloromero.fr\/#website"},"primaryImageOfPage":{"@id":"https:\/\/pabloromero.fr\/?p=1970#primaryimage"},"image":{"@id":"https:\/\/pabloromero.fr\/?p=1970#primaryimage"},"thumbnailUrl":"http:\/\/www.pabloromero.fr\/wp-content\/uploads\/Annie_Maillis-222x300.jpg","datePublished":"2012-06-09T10:04:57+00:00","author":{"@id":"https:\/\/pabloromero.fr\/#\/schema\/person\/c596e9a552995ff4a7ba12925f8a95bb"},"breadcrumb":{"@id":"https:\/\/pabloromero.fr\/?p=1970#breadcrumb"},"inLanguage":"fr-FR","potentialAction":[{"@type":"ReadAction","target":["https:\/\/pabloromero.fr\/?p=1970"]}]},{"@type":"ImageObject","inLanguage":"fr-FR","@id":"https:\/\/pabloromero.fr\/?p=1970#primaryimage","url":"http:\/\/www.pabloromero.fr\/wp-content\/uploads\/Annie_Maillis-222x300.jpg","contentUrl":"http:\/\/www.pabloromero.fr\/wp-content\/uploads\/Annie_Maillis-222x300.jpg"},{"@type":"BreadcrumbList","@id":"https:\/\/pabloromero.fr\/?p=1970#breadcrumb","itemListElement":[{"@type":"ListItem","position":1,"name":"Accueil","item":"https:\/\/pabloromero.fr\/"},{"@type":"ListItem","position":2,"name":"\u00ab livre-catalogue \u00bb de l\u2019exposition Picasso sous le soleil de Fran\u00e7oise"}]},{"@type":"WebSite","@id":"https:\/\/pabloromero.fr\/#website","url":"https:\/\/pabloromero.fr\/","name":"Les amis de PABLO ROMERO","description":"L&#039;activit\u00e9 de l&#039;association &quot;les amis de PABLO ROMERO&quot;","potentialAction":[{"@type":"SearchAction","target":{"@type":"EntryPoint","urlTemplate":"https:\/\/pabloromero.fr\/?s={search_term_string}"},"query-input":{"@type":"PropertyValueSpecification","valueRequired":true,"valueName":"search_term_string"}}],"inLanguage":"fr-FR"},{"@type":"Person","@id":"https:\/\/pabloromero.fr\/#\/schema\/person\/c596e9a552995ff4a7ba12925f8a95bb","name":"Jacques TEISSIER","image":{"@type":"ImageObject","inLanguage":"fr-FR","@id":"https:\/\/pabloromero.fr\/#\/schema\/person\/image\/","url":"https:\/\/secure.gravatar.com\/avatar\/f956a8fc52440542bf459e65927b9e03?s=96&d=mm&r=g","contentUrl":"https:\/\/secure.gravatar.com\/avatar\/f956a8fc52440542bf459e65927b9e03?s=96&d=mm&r=g","caption":"Jacques TEISSIER"},"url":"https:\/\/pabloromero.fr\/?author=127"}]}},"_links":{"self":[{"href":"https:\/\/pabloromero.fr\/index.php?rest_route=\/wp\/v2\/posts\/1970"}],"collection":[{"href":"https:\/\/pabloromero.fr\/index.php?rest_route=\/wp\/v2\/posts"}],"about":[{"href":"https:\/\/pabloromero.fr\/index.php?rest_route=\/wp\/v2\/types\/post"}],"author":[{"embeddable":true,"href":"https:\/\/pabloromero.fr\/index.php?rest_route=\/wp\/v2\/users\/127"}],"replies":[{"embeddable":true,"href":"https:\/\/pabloromero.fr\/index.php?rest_route=%2Fwp%2Fv2%2Fcomments&post=1970"}],"version-history":[{"count":4,"href":"https:\/\/pabloromero.fr\/index.php?rest_route=\/wp\/v2\/posts\/1970\/revisions"}],"predecessor-version":[{"id":1975,"href":"https:\/\/pabloromero.fr\/index.php?rest_route=\/wp\/v2\/posts\/1970\/revisions\/1975"}],"wp:attachment":[{"href":"https:\/\/pabloromero.fr\/index.php?rest_route=%2Fwp%2Fv2%2Fmedia&parent=1970"}],"wp:term":[{"taxonomy":"category","embeddable":true,"href":"https:\/\/pabloromero.fr\/index.php?rest_route=%2Fwp%2Fv2%2Fcategories&post=1970"},{"taxonomy":"post_tag","embeddable":true,"href":"https:\/\/pabloromero.fr\/index.php?rest_route=%2Fwp%2Fv2%2Ftags&post=1970"}],"curies":[{"name":"wp","href":"https:\/\/api.w.org\/{rel}","templated":true}]}}