{"id":2238,"date":"2013-02-27T00:18:53","date_gmt":"2013-02-26T23:18:53","guid":{"rendered":"http:\/\/www.pabloromero.fr\/?p=2238"},"modified":"2013-02-27T00:18:53","modified_gmt":"2013-02-26T23:18:53","slug":"echange-de-logement-feria-de-nimes-bilbao","status":"publish","type":"post","link":"https:\/\/pabloromero.fr\/?p=2238","title":{"rendered":"Echange de logement : FERIA de N\u00eemes \/BILBAO"},"content":{"rendered":"<p><strong><a href=\"http:\/\/www.pabloromero.fr\/wp-content\/uploads\/7-PHOTOS-\u00c9CH.jpeg\"><img loading=\"lazy\" decoding=\"async\" class=\"alignright size-medium wp-image-2239\" title=\"7 PHOTOS \u00c9CH\" src=\"http:\/\/www.pabloromero.fr\/wp-content\/uploads\/7-PHOTOS-\u00c9CH-212x300.jpg\" alt=\"\" width=\"212\" height=\"300\" srcset=\"https:\/\/pabloromero.fr\/wp-content\/uploads\/7-PHOTOS-\u00c9CH-212x300.jpg 212w, https:\/\/pabloromero.fr\/wp-content\/uploads\/7-PHOTOS-\u00c9CH.jpeg 596w\" sizes=\"(max-width: 212px) 100vw, 212px\" \/><\/a>Ci dessous proposition d&#8217;Albert MARTIN pour un \u00e9change de logement <\/strong><\/p>\n<p><strong>FERIA de N\u00eemes \/BILBAO<\/strong><\/p>\n<p><strong>\u00a0<\/strong><strong>\u00a0<\/strong><\/p>\n<p><strong><span style=\"text-decoration: underline;\">Pendant la F\u00c9RIA DE N\u00ceMES 2013\u00a0 Pentec\u00f4te <\/span><\/strong><\/p>\n<p><strong>\u00a0<\/strong><\/p>\n<p><strong>Mise \u00e0 disposition d\u2019un logement en ville<\/strong><\/p>\n<p>&nbsp;<\/p>\n<p>Situ\u00e9 \u00e0 15 minutes \u00e0 pied des ar\u00e8nes et \u00e0 5\/6 minutes \u00e0 pied de la gare.<\/p>\n<p>Acc\u00e8s ind\u00e9pendant sur un patio int\u00e9rieur comprenant\u00a0:<\/p>\n<p><strong>RDC\u00a0:<\/strong><\/p>\n<p>Une cuisine \u00e9quip\u00e9e.<\/p>\n<p>Une chambre avec lit (140 x 190) et divers rangements. (Clim r\u00e9versible)<\/p>\n<p>Une salle d\u2019eau douche, lavabo et WC.<\/p>\n<p>&nbsp;<\/p>\n<p><strong>\u00c9TAGE\u00a0: <\/strong><\/p>\n<p>Chambre mansard\u00e9e avec 2 lits (0,80 x 190)<\/p>\n<p><strong>\u00a0\u00a0\u00a0 <\/strong><strong>En \u00e9change d\u2019un logement <\/strong><strong>(+\/- \u00e9quivalent en centre ville)<\/strong><strong> <\/strong><\/p>\n<p><strong>\u00a0\u00a0\u00a0 pour un couple seul<\/strong><\/p>\n<p><strong>\u00a0<\/strong><strong>\u00a0\u00a0 <span style=\"text-decoration: underline;\">\u00c0 BILBAO du 23 au 29 ao\u00fbt prochain. <\/span><\/strong><\/p>\n<p><strong><\/strong><\/p>\n<p>&nbsp;<\/p>\n<p><strong>Albert &amp; Marie Fran\u00e7oise MARTIN<\/strong><\/p>\n<p><strong>4, rue du Champ de Mars<\/strong><\/p>\n<p><strong>30000 N\u00ceMES<\/strong><\/p>\n<p><strong>France<\/strong><\/p>\n<p><strong>06 85 82 05 58<\/strong><\/p>\n<p><strong>04 66 38 35 40<\/strong><\/p>\n<p><a href=\"mailto:albert.martin2@wanadoo.fr\"><strong>albert.martin2@wanadoo.fr<\/strong><\/a><\/p>\n<p>&nbsp;<\/p>\n","protected":false},"excerpt":{"rendered":"<p>Ci dessous proposition d&#8217;Albert MARTIN pour un \u00e9change de logement FERIA de N\u00eemes \/BILBAO \u00a0\u00a0 Pendant la F\u00c9RIA DE N\u00ceMES 2013\u00a0 Pentec\u00f4te \u00a0 Mise \u00e0 disposition d\u2019un logement en ville &nbsp; Situ\u00e9 \u00e0 15 minutes \u00e0 pied des ar\u00e8nes et \u00e0 5\/6 minutes \u00e0 pied de la gare. Acc\u00e8s ind\u00e9pendant sur un patio int\u00e9rieur comprenant\u00a0: [&hellip;]<\/p>\n","protected":false},"author":8,"featured_media":0,"comment_status":"open","ping_status":"open","sticky":false,"template":"","format":"standard","meta":{"footnotes":""},"categories":[6],"tags":[],"class_list":["post-2238","post","type-post","status-publish","format-standard","hentry","category-feria"],"yoast_head":"<!-- This site is optimized with the Yoast SEO plugin v24.7 - https:\/\/yoast.com\/wordpress\/plugins\/seo\/ -->\n<title>Echange de logement : FERIA de N\u00eemes \/BILBAO - Les amis de PABLO ROMERO<\/title>\n<meta name=\"robots\" content=\"index, follow, max-snippet:-1, max-image-preview:large, max-video-preview:-1\" \/>\n<link rel=\"canonical\" href=\"https:\/\/pabloromero.fr\/?p=2238\" \/>\n<meta property=\"og:locale\" content=\"fr_FR\" \/>\n<meta property=\"og:type\" content=\"article\" \/>\n<meta property=\"og:title\" content=\"Echange de logement : FERIA de N\u00eemes \/BILBAO - Les amis de PABLO ROMERO\" \/>\n<meta property=\"og:description\" content=\"Ci dessous proposition d&#8217;Albert MARTIN pour un \u00e9change de logement FERIA de N\u00eemes \/BILBAO \u00a0\u00a0 Pendant la F\u00c9RIA DE N\u00ceMES 2013\u00a0 Pentec\u00f4te \u00a0 Mise \u00e0 disposition d\u2019un logement en ville &nbsp; Situ\u00e9 \u00e0 15 minutes \u00e0 pied des ar\u00e8nes et \u00e0 5\/6 minutes \u00e0 pied de la gare. Acc\u00e8s ind\u00e9pendant sur un patio int\u00e9rieur comprenant\u00a0: [&hellip;]\" \/>\n<meta property=\"og:url\" content=\"https:\/\/pabloromero.fr\/?p=2238\" \/>\n<meta property=\"og:site_name\" content=\"Les amis de PABLO ROMERO\" \/>\n<meta property=\"article:published_time\" content=\"2013-02-26T23:18:53+00:00\" \/>\n<meta name=\"author\" content=\"R\u00e9my MOUTON\" \/>\n<meta name=\"twitter:card\" content=\"summary_large_image\" \/>\n<meta name=\"twitter:label1\" content=\"\u00c9crit par\" \/>\n\t<meta name=\"twitter:data1\" content=\"R\u00e9my MOUTON\" \/>\n\t<meta name=\"twitter:label2\" content=\"Dur\u00e9e de lecture estim\u00e9e\" \/>\n\t<meta name=\"twitter:data2\" content=\"1 minute\" \/>\n<script type=\"application\/ld+json\" class=\"yoast-schema-graph\">{\"@context\":\"https:\/\/schema.org\",\"@graph\":[{\"@type\":\"WebPage\",\"@id\":\"https:\/\/pabloromero.fr\/?p=2238\",\"url\":\"https:\/\/pabloromero.fr\/?p=2238\",\"name\":\"Echange de logement : FERIA de N\u00eemes \/BILBAO - Les amis de PABLO ROMERO\",\"isPartOf\":{\"@id\":\"https:\/\/pabloromero.fr\/#website\"},\"datePublished\":\"2013-02-26T23:18:53+00:00\",\"author\":{\"@id\":\"https:\/\/pabloromero.fr\/#\/schema\/person\/1d433cdef015c21a2b2ece95945e69eb\"},\"breadcrumb\":{\"@id\":\"https:\/\/pabloromero.fr\/?p=2238#breadcrumb\"},\"inLanguage\":\"fr-FR\",\"potentialAction\":[{\"@type\":\"ReadAction\",\"target\":[\"https:\/\/pabloromero.fr\/?p=2238\"]}]},{\"@type\":\"BreadcrumbList\",\"@id\":\"https:\/\/pabloromero.fr\/?p=2238#breadcrumb\",\"itemListElement\":[{\"@type\":\"ListItem\",\"position\":1,\"name\":\"Accueil\",\"item\":\"https:\/\/pabloromero.fr\/\"},{\"@type\":\"ListItem\",\"position\":2,\"name\":\"Echange de logement : FERIA de N\u00eemes \/BILBAO\"}]},{\"@type\":\"WebSite\",\"@id\":\"https:\/\/pabloromero.fr\/#website\",\"url\":\"https:\/\/pabloromero.fr\/\",\"name\":\"Les amis de PABLO ROMERO\",\"description\":\"L&#039;activit\u00e9 de l&#039;association &quot;les amis de PABLO ROMERO&quot;\",\"potentialAction\":[{\"@type\":\"SearchAction\",\"target\":{\"@type\":\"EntryPoint\",\"urlTemplate\":\"https:\/\/pabloromero.fr\/?s={search_term_string}\"},\"query-input\":{\"@type\":\"PropertyValueSpecification\",\"valueRequired\":true,\"valueName\":\"search_term_string\"}}],\"inLanguage\":\"fr-FR\"},{\"@type\":\"Person\",\"@id\":\"https:\/\/pabloromero.fr\/#\/schema\/person\/1d433cdef015c21a2b2ece95945e69eb\",\"name\":\"R\u00e9my MOUTON\",\"image\":{\"@type\":\"ImageObject\",\"inLanguage\":\"fr-FR\",\"@id\":\"https:\/\/pabloromero.fr\/#\/schema\/person\/image\/\",\"url\":\"https:\/\/secure.gravatar.com\/avatar\/c1e3b6542dce6885dc02de984d5d6584?s=96&d=mm&r=g\",\"contentUrl\":\"https:\/\/secure.gravatar.com\/avatar\/c1e3b6542dce6885dc02de984d5d6584?s=96&d=mm&r=g\",\"caption\":\"R\u00e9my MOUTON\"},\"description\":\"1681 Chemin du Mas de Lauze 30900 NIMES\",\"url\":\"https:\/\/pabloromero.fr\/?author=8\"}]}<\/script>\n<!-- \/ Yoast SEO plugin. -->","yoast_head_json":{"title":"Echange de logement : FERIA de N\u00eemes \/BILBAO - Les amis de PABLO ROMERO","robots":{"index":"index","follow":"follow","max-snippet":"max-snippet:-1","max-image-preview":"max-image-preview:large","max-video-preview":"max-video-preview:-1"},"canonical":"https:\/\/pabloromero.fr\/?p=2238","og_locale":"fr_FR","og_type":"article","og_title":"Echange de logement : FERIA de N\u00eemes \/BILBAO - Les amis de PABLO ROMERO","og_description":"Ci dessous proposition d&#8217;Albert MARTIN pour un \u00e9change de logement FERIA de N\u00eemes \/BILBAO \u00a0\u00a0 Pendant la F\u00c9RIA DE N\u00ceMES 2013\u00a0 Pentec\u00f4te \u00a0 Mise \u00e0 disposition d\u2019un logement en ville &nbsp; Situ\u00e9 \u00e0 15 minutes \u00e0 pied des ar\u00e8nes et \u00e0 5\/6 minutes \u00e0 pied de la gare. Acc\u00e8s ind\u00e9pendant sur un patio int\u00e9rieur comprenant\u00a0: [&hellip;]","og_url":"https:\/\/pabloromero.fr\/?p=2238","og_site_name":"Les amis de PABLO ROMERO","article_published_time":"2013-02-26T23:18:53+00:00","author":"R\u00e9my MOUTON","twitter_card":"summary_large_image","twitter_misc":{"\u00c9crit par":"R\u00e9my MOUTON","Dur\u00e9e de lecture estim\u00e9e":"1 minute"},"schema":{"@context":"https:\/\/schema.org","@graph":[{"@type":"WebPage","@id":"https:\/\/pabloromero.fr\/?p=2238","url":"https:\/\/pabloromero.fr\/?p=2238","name":"Echange de logement : FERIA de N\u00eemes \/BILBAO - Les amis de PABLO ROMERO","isPartOf":{"@id":"https:\/\/pabloromero.fr\/#website"},"datePublished":"2013-02-26T23:18:53+00:00","author":{"@id":"https:\/\/pabloromero.fr\/#\/schema\/person\/1d433cdef015c21a2b2ece95945e69eb"},"breadcrumb":{"@id":"https:\/\/pabloromero.fr\/?p=2238#breadcrumb"},"inLanguage":"fr-FR","potentialAction":[{"@type":"ReadAction","target":["https:\/\/pabloromero.fr\/?p=2238"]}]},{"@type":"BreadcrumbList","@id":"https:\/\/pabloromero.fr\/?p=2238#breadcrumb","itemListElement":[{"@type":"ListItem","position":1,"name":"Accueil","item":"https:\/\/pabloromero.fr\/"},{"@type":"ListItem","position":2,"name":"Echange de logement : FERIA de N\u00eemes \/BILBAO"}]},{"@type":"WebSite","@id":"https:\/\/pabloromero.fr\/#website","url":"https:\/\/pabloromero.fr\/","name":"Les amis de PABLO ROMERO","description":"L&#039;activit\u00e9 de l&#039;association &quot;les amis de PABLO ROMERO&quot;","potentialAction":[{"@type":"SearchAction","target":{"@type":"EntryPoint","urlTemplate":"https:\/\/pabloromero.fr\/?s={search_term_string}"},"query-input":{"@type":"PropertyValueSpecification","valueRequired":true,"valueName":"search_term_string"}}],"inLanguage":"fr-FR"},{"@type":"Person","@id":"https:\/\/pabloromero.fr\/#\/schema\/person\/1d433cdef015c21a2b2ece95945e69eb","name":"R\u00e9my MOUTON","image":{"@type":"ImageObject","inLanguage":"fr-FR","@id":"https:\/\/pabloromero.fr\/#\/schema\/person\/image\/","url":"https:\/\/secure.gravatar.com\/avatar\/c1e3b6542dce6885dc02de984d5d6584?s=96&d=mm&r=g","contentUrl":"https:\/\/secure.gravatar.com\/avatar\/c1e3b6542dce6885dc02de984d5d6584?s=96&d=mm&r=g","caption":"R\u00e9my MOUTON"},"description":"1681 Chemin du Mas de Lauze 30900 NIMES","url":"https:\/\/pabloromero.fr\/?author=8"}]}},"_links":{"self":[{"href":"https:\/\/pabloromero.fr\/index.php?rest_route=\/wp\/v2\/posts\/2238"}],"collection":[{"href":"https:\/\/pabloromero.fr\/index.php?rest_route=\/wp\/v2\/posts"}],"about":[{"href":"https:\/\/pabloromero.fr\/index.php?rest_route=\/wp\/v2\/types\/post"}],"author":[{"embeddable":true,"href":"https:\/\/pabloromero.fr\/index.php?rest_route=\/wp\/v2\/users\/8"}],"replies":[{"embeddable":true,"href":"https:\/\/pabloromero.fr\/index.php?rest_route=%2Fwp%2Fv2%2Fcomments&post=2238"}],"version-history":[{"count":3,"href":"https:\/\/pabloromero.fr\/index.php?rest_route=\/wp\/v2\/posts\/2238\/revisions"}],"predecessor-version":[{"id":2242,"href":"https:\/\/pabloromero.fr\/index.php?rest_route=\/wp\/v2\/posts\/2238\/revisions\/2242"}],"wp:attachment":[{"href":"https:\/\/pabloromero.fr\/index.php?rest_route=%2Fwp%2Fv2%2Fmedia&parent=2238"}],"wp:term":[{"taxonomy":"category","embeddable":true,"href":"https:\/\/pabloromero.fr\/index.php?rest_route=%2Fwp%2Fv2%2Fcategories&post=2238"},{"taxonomy":"post_tag","embeddable":true,"href":"https:\/\/pabloromero.fr\/index.php?rest_route=%2Fwp%2Fv2%2Ftags&post=2238"}],"curies":[{"name":"wp","href":"https:\/\/api.w.org\/{rel}","templated":true}]}}