{"id":2428,"date":"2013-06-22T13:04:09","date_gmt":"2013-06-22T12:04:09","guid":{"rendered":"http:\/\/www.pabloromero.fr\/?p=2428"},"modified":"2013-06-22T13:04:09","modified_gmt":"2013-06-22T12:04:09","slug":"le-bolsin-terre-dargence-2013","status":"publish","type":"post","link":"https:\/\/pabloromero.fr\/?p=2428","title":{"rendered":"Le Bols\u00edn Terre d&#8217;Argence 2013"},"content":{"rendered":"<h2><a style=\"font-size: 1.17em; font-weight: normal;\" title=\"http:\/\/www.cftauromachie.com\/Annonce_a168.html?preaction=nl&amp;id=22196509&amp;idnl=140569&amp;\" href=\"http:\/\/www.cftauromachie.com\/Annonce_a168.html?preaction=nl&amp;id=22196509&amp;idnl=140569&amp;\">Le Centre Fran\u00e7ais de Tauromachie qui, cette ann\u00e9e, f\u00eate ses 30 ans, organise un nouveau concours Taurin : Le Bols\u00edn Terre d&#8217;Argence 2013<\/a><\/h2>\n<div><a href=\"http:\/\/www.pabloromero.fr\/wp-content\/uploads\/bolsin2013.pdf\"><img loading=\"lazy\" decoding=\"async\" class=\"alignright size-medium wp-image-2435\" title=\"bolsin2013\" src=\"http:\/\/www.pabloromero.fr\/wp-content\/uploads\/bolsin2013-212x300.jpg\" alt=\"\" width=\"212\" height=\"300\" srcset=\"https:\/\/pabloromero.fr\/wp-content\/uploads\/bolsin2013-212x300.jpg 212w, https:\/\/pabloromero.fr\/wp-content\/uploads\/bolsin2013.jpg 471w\" sizes=\"(max-width: 212px) 100vw, 212px\" \/><\/a><br \/>\nCette comp\u00e9tition est ouverte \u00e0 tous les aspirants novilleros n&#8217;ayant jamais d\u00e9but\u00e9 avec picadors.Plus de 30 postulants ont pr\u00e9sent\u00e9 une demande.24 inscriptions ont \u00e9t\u00e9 retenues pour la premi\u00e8re phase de qualification se d\u00e9roulant en deux temps, dans les Ar\u00e8nes de Bellegarde, les vendredi 28 et samedi 29 juin prochains \u00e0 18 h.<\/p>\n<p>A l&#8217;issue de ce tour, 12 d&#8217;entre eux disputeront l&#8217;ultime s\u00e9lection.<\/p>\n<p>Le jury d\u00e9signera les 6 qui acc\u00e9deront \u00e0 la demi-finale, qui aura lieu \u00e0 Beaucaire, fin juillet.<\/p>\n<p>Sur la ligne de d\u00e9part, les novilleros se pr\u00e9senteront deux par deux, et c&#8217;est, apr\u00e8s tirage au sort et \u00e0 la demande du jury, qu&#8217;ils devront faire montre de leur talent, face \u00e0 un jeune taureau m\u00e2le de deux ans.<\/p>\n<p>Les organisateurs ont eu \u00e0 c\u0153ur de faire appel au plus grand nombre d&#8217;\u00e9leveurs de taureaux fran\u00e7ais et tous ont r\u00e9pondu pr\u00e9sent.<\/p>\n<p>Au total, ce sont 30 taureaux qui seront combattus, dans ce Bols\u00edn.<\/p>\n<p>Tous les candidats au concours devront se pr\u00e9senter \u00e0 17h00, vendredi 28 juin 2013, dans les ar\u00e8nes de Bellegarde, pour le tirage au sort, en public, de leur ordre de passage.<\/p>\n<p>A 18h00, la comp\u00e9tition commencera, avec 3 erales des \u00e9levages Granier et Pages Mailhan,.<\/p>\n<p>Le lendemain, samedi, m\u00eame lieu, m\u00eame heure, ce sera au tour des ganaderas Quinquin Yonnet et Marie-Sara, repr\u00e9sentantes des \u00e9levages Christophe Yonnet et Los Galos.<\/p>\n<p>En soir\u00e9e (21h00), la troisi\u00e8me manche se d\u00e9roulera, face \u00e0 des novillos d&#8217;Olivier Fernay et Roland Durand.<\/p>\n<p>Le jury donnera rendez-vous aux 6 demi-finalistes, un mois plus tard, samedi 27 juillet, \u00e0 11 h. \u00e0 Beaucaire, pour combattre 6 erales, de la Ganad\u00e9ria Valverde.<\/p>\n<p>Le lendemain, dimanche 28 juillet, \u00e0 11 h, toujours \u00e0 Beaucaire, Alain Tardieu et Philippe Cuill\u00e9 fourniront les novillos de la finale.<\/p>\n<\/div>\n","protected":false},"excerpt":{"rendered":"<p>Le Centre Fran\u00e7ais de Tauromachie qui, cette ann\u00e9e, f\u00eate ses 30 ans, organise un nouveau concours Taurin : Le Bols\u00edn Terre d&#8217;Argence 2013 Cette comp\u00e9tition est ouverte \u00e0 tous les aspirants novilleros n&#8217;ayant jamais d\u00e9but\u00e9 avec picadors.Plus de 30 postulants ont pr\u00e9sent\u00e9 une demande.24 inscriptions ont \u00e9t\u00e9 retenues pour la premi\u00e8re phase de qualification se [&hellip;]<\/p>\n","protected":false},"author":8,"featured_media":0,"comment_status":"open","ping_status":"open","sticky":false,"template":"","format":"standard","meta":{"footnotes":""},"categories":[1],"tags":[],"class_list":["post-2428","post","type-post","status-publish","format-standard","hentry","category-non-classe"],"yoast_head":"<!-- This site is optimized with the Yoast SEO plugin v24.7 - https:\/\/yoast.com\/wordpress\/plugins\/seo\/ -->\n<title>Le Bols\u00edn Terre d&#039;Argence 2013 - Les amis de PABLO ROMERO<\/title>\n<meta name=\"robots\" content=\"index, follow, max-snippet:-1, max-image-preview:large, max-video-preview:-1\" \/>\n<link rel=\"canonical\" href=\"https:\/\/pabloromero.fr\/?p=2428\" \/>\n<meta property=\"og:locale\" content=\"fr_FR\" \/>\n<meta property=\"og:type\" content=\"article\" \/>\n<meta property=\"og:title\" content=\"Le Bols\u00edn Terre d&#039;Argence 2013 - Les amis de PABLO ROMERO\" \/>\n<meta property=\"og:description\" content=\"Le Centre Fran\u00e7ais de Tauromachie qui, cette ann\u00e9e, f\u00eate ses 30 ans, organise un nouveau concours Taurin : Le Bols\u00edn Terre d&#8217;Argence 2013 Cette comp\u00e9tition est ouverte \u00e0 tous les aspirants novilleros n&#8217;ayant jamais d\u00e9but\u00e9 avec picadors.Plus de 30 postulants ont pr\u00e9sent\u00e9 une demande.24 inscriptions ont \u00e9t\u00e9 retenues pour la premi\u00e8re phase de qualification se [&hellip;]\" \/>\n<meta property=\"og:url\" content=\"https:\/\/pabloromero.fr\/?p=2428\" \/>\n<meta property=\"og:site_name\" content=\"Les amis de PABLO ROMERO\" \/>\n<meta property=\"article:published_time\" content=\"2013-06-22T12:04:09+00:00\" \/>\n<meta property=\"og:image\" content=\"http:\/\/www.pabloromero.fr\/wp-content\/uploads\/bolsin2013-212x300.jpg\" \/>\n<meta name=\"author\" content=\"R\u00e9my MOUTON\" \/>\n<meta name=\"twitter:card\" content=\"summary_large_image\" \/>\n<meta name=\"twitter:label1\" content=\"\u00c9crit par\" \/>\n\t<meta name=\"twitter:data1\" content=\"R\u00e9my MOUTON\" \/>\n\t<meta name=\"twitter:label2\" content=\"Dur\u00e9e de lecture estim\u00e9e\" \/>\n\t<meta name=\"twitter:data2\" content=\"2 minutes\" \/>\n<script type=\"application\/ld+json\" class=\"yoast-schema-graph\">{\"@context\":\"https:\/\/schema.org\",\"@graph\":[{\"@type\":\"WebPage\",\"@id\":\"https:\/\/pabloromero.fr\/?p=2428\",\"url\":\"https:\/\/pabloromero.fr\/?p=2428\",\"name\":\"Le Bols\u00edn Terre d'Argence 2013 - Les amis de PABLO ROMERO\",\"isPartOf\":{\"@id\":\"https:\/\/pabloromero.fr\/#website\"},\"primaryImageOfPage\":{\"@id\":\"https:\/\/pabloromero.fr\/?p=2428#primaryimage\"},\"image\":{\"@id\":\"https:\/\/pabloromero.fr\/?p=2428#primaryimage\"},\"thumbnailUrl\":\"http:\/\/www.pabloromero.fr\/wp-content\/uploads\/bolsin2013-212x300.jpg\",\"datePublished\":\"2013-06-22T12:04:09+00:00\",\"author\":{\"@id\":\"https:\/\/pabloromero.fr\/#\/schema\/person\/1d433cdef015c21a2b2ece95945e69eb\"},\"breadcrumb\":{\"@id\":\"https:\/\/pabloromero.fr\/?p=2428#breadcrumb\"},\"inLanguage\":\"fr-FR\",\"potentialAction\":[{\"@type\":\"ReadAction\",\"target\":[\"https:\/\/pabloromero.fr\/?p=2428\"]}]},{\"@type\":\"ImageObject\",\"inLanguage\":\"fr-FR\",\"@id\":\"https:\/\/pabloromero.fr\/?p=2428#primaryimage\",\"url\":\"http:\/\/www.pabloromero.fr\/wp-content\/uploads\/bolsin2013-212x300.jpg\",\"contentUrl\":\"http:\/\/www.pabloromero.fr\/wp-content\/uploads\/bolsin2013-212x300.jpg\"},{\"@type\":\"BreadcrumbList\",\"@id\":\"https:\/\/pabloromero.fr\/?p=2428#breadcrumb\",\"itemListElement\":[{\"@type\":\"ListItem\",\"position\":1,\"name\":\"Accueil\",\"item\":\"https:\/\/pabloromero.fr\/\"},{\"@type\":\"ListItem\",\"position\":2,\"name\":\"Le Bols\u00edn Terre d&#8217;Argence 2013\"}]},{\"@type\":\"WebSite\",\"@id\":\"https:\/\/pabloromero.fr\/#website\",\"url\":\"https:\/\/pabloromero.fr\/\",\"name\":\"Les amis de PABLO ROMERO\",\"description\":\"L&#039;activit\u00e9 de l&#039;association &quot;les amis de PABLO ROMERO&quot;\",\"potentialAction\":[{\"@type\":\"SearchAction\",\"target\":{\"@type\":\"EntryPoint\",\"urlTemplate\":\"https:\/\/pabloromero.fr\/?s={search_term_string}\"},\"query-input\":{\"@type\":\"PropertyValueSpecification\",\"valueRequired\":true,\"valueName\":\"search_term_string\"}}],\"inLanguage\":\"fr-FR\"},{\"@type\":\"Person\",\"@id\":\"https:\/\/pabloromero.fr\/#\/schema\/person\/1d433cdef015c21a2b2ece95945e69eb\",\"name\":\"R\u00e9my MOUTON\",\"image\":{\"@type\":\"ImageObject\",\"inLanguage\":\"fr-FR\",\"@id\":\"https:\/\/pabloromero.fr\/#\/schema\/person\/image\/\",\"url\":\"https:\/\/secure.gravatar.com\/avatar\/c1e3b6542dce6885dc02de984d5d6584?s=96&d=mm&r=g\",\"contentUrl\":\"https:\/\/secure.gravatar.com\/avatar\/c1e3b6542dce6885dc02de984d5d6584?s=96&d=mm&r=g\",\"caption\":\"R\u00e9my MOUTON\"},\"description\":\"1681 Chemin du Mas de Lauze 30900 NIMES\",\"url\":\"https:\/\/pabloromero.fr\/?author=8\"}]}<\/script>\n<!-- \/ Yoast SEO plugin. -->","yoast_head_json":{"title":"Le Bols\u00edn Terre d'Argence 2013 - Les amis de PABLO ROMERO","robots":{"index":"index","follow":"follow","max-snippet":"max-snippet:-1","max-image-preview":"max-image-preview:large","max-video-preview":"max-video-preview:-1"},"canonical":"https:\/\/pabloromero.fr\/?p=2428","og_locale":"fr_FR","og_type":"article","og_title":"Le Bols\u00edn Terre d'Argence 2013 - Les amis de PABLO ROMERO","og_description":"Le Centre Fran\u00e7ais de Tauromachie qui, cette ann\u00e9e, f\u00eate ses 30 ans, organise un nouveau concours Taurin : Le Bols\u00edn Terre d&#8217;Argence 2013 Cette comp\u00e9tition est ouverte \u00e0 tous les aspirants novilleros n&#8217;ayant jamais d\u00e9but\u00e9 avec picadors.Plus de 30 postulants ont pr\u00e9sent\u00e9 une demande.24 inscriptions ont \u00e9t\u00e9 retenues pour la premi\u00e8re phase de qualification se [&hellip;]","og_url":"https:\/\/pabloromero.fr\/?p=2428","og_site_name":"Les amis de PABLO ROMERO","article_published_time":"2013-06-22T12:04:09+00:00","og_image":[{"url":"http:\/\/www.pabloromero.fr\/wp-content\/uploads\/bolsin2013-212x300.jpg","type":"","width":"","height":""}],"author":"R\u00e9my MOUTON","twitter_card":"summary_large_image","twitter_misc":{"\u00c9crit par":"R\u00e9my MOUTON","Dur\u00e9e de lecture estim\u00e9e":"2 minutes"},"schema":{"@context":"https:\/\/schema.org","@graph":[{"@type":"WebPage","@id":"https:\/\/pabloromero.fr\/?p=2428","url":"https:\/\/pabloromero.fr\/?p=2428","name":"Le Bols\u00edn Terre d'Argence 2013 - Les amis de PABLO ROMERO","isPartOf":{"@id":"https:\/\/pabloromero.fr\/#website"},"primaryImageOfPage":{"@id":"https:\/\/pabloromero.fr\/?p=2428#primaryimage"},"image":{"@id":"https:\/\/pabloromero.fr\/?p=2428#primaryimage"},"thumbnailUrl":"http:\/\/www.pabloromero.fr\/wp-content\/uploads\/bolsin2013-212x300.jpg","datePublished":"2013-06-22T12:04:09+00:00","author":{"@id":"https:\/\/pabloromero.fr\/#\/schema\/person\/1d433cdef015c21a2b2ece95945e69eb"},"breadcrumb":{"@id":"https:\/\/pabloromero.fr\/?p=2428#breadcrumb"},"inLanguage":"fr-FR","potentialAction":[{"@type":"ReadAction","target":["https:\/\/pabloromero.fr\/?p=2428"]}]},{"@type":"ImageObject","inLanguage":"fr-FR","@id":"https:\/\/pabloromero.fr\/?p=2428#primaryimage","url":"http:\/\/www.pabloromero.fr\/wp-content\/uploads\/bolsin2013-212x300.jpg","contentUrl":"http:\/\/www.pabloromero.fr\/wp-content\/uploads\/bolsin2013-212x300.jpg"},{"@type":"BreadcrumbList","@id":"https:\/\/pabloromero.fr\/?p=2428#breadcrumb","itemListElement":[{"@type":"ListItem","position":1,"name":"Accueil","item":"https:\/\/pabloromero.fr\/"},{"@type":"ListItem","position":2,"name":"Le Bols\u00edn Terre d&#8217;Argence 2013"}]},{"@type":"WebSite","@id":"https:\/\/pabloromero.fr\/#website","url":"https:\/\/pabloromero.fr\/","name":"Les amis de PABLO ROMERO","description":"L&#039;activit\u00e9 de l&#039;association &quot;les amis de PABLO ROMERO&quot;","potentialAction":[{"@type":"SearchAction","target":{"@type":"EntryPoint","urlTemplate":"https:\/\/pabloromero.fr\/?s={search_term_string}"},"query-input":{"@type":"PropertyValueSpecification","valueRequired":true,"valueName":"search_term_string"}}],"inLanguage":"fr-FR"},{"@type":"Person","@id":"https:\/\/pabloromero.fr\/#\/schema\/person\/1d433cdef015c21a2b2ece95945e69eb","name":"R\u00e9my MOUTON","image":{"@type":"ImageObject","inLanguage":"fr-FR","@id":"https:\/\/pabloromero.fr\/#\/schema\/person\/image\/","url":"https:\/\/secure.gravatar.com\/avatar\/c1e3b6542dce6885dc02de984d5d6584?s=96&d=mm&r=g","contentUrl":"https:\/\/secure.gravatar.com\/avatar\/c1e3b6542dce6885dc02de984d5d6584?s=96&d=mm&r=g","caption":"R\u00e9my MOUTON"},"description":"1681 Chemin du Mas de Lauze 30900 NIMES","url":"https:\/\/pabloromero.fr\/?author=8"}]}},"_links":{"self":[{"href":"https:\/\/pabloromero.fr\/index.php?rest_route=\/wp\/v2\/posts\/2428"}],"collection":[{"href":"https:\/\/pabloromero.fr\/index.php?rest_route=\/wp\/v2\/posts"}],"about":[{"href":"https:\/\/pabloromero.fr\/index.php?rest_route=\/wp\/v2\/types\/post"}],"author":[{"embeddable":true,"href":"https:\/\/pabloromero.fr\/index.php?rest_route=\/wp\/v2\/users\/8"}],"replies":[{"embeddable":true,"href":"https:\/\/pabloromero.fr\/index.php?rest_route=%2Fwp%2Fv2%2Fcomments&post=2428"}],"version-history":[{"count":14,"href":"https:\/\/pabloromero.fr\/index.php?rest_route=\/wp\/v2\/posts\/2428\/revisions"}],"predecessor-version":[{"id":2443,"href":"https:\/\/pabloromero.fr\/index.php?rest_route=\/wp\/v2\/posts\/2428\/revisions\/2443"}],"wp:attachment":[{"href":"https:\/\/pabloromero.fr\/index.php?rest_route=%2Fwp%2Fv2%2Fmedia&parent=2428"}],"wp:term":[{"taxonomy":"category","embeddable":true,"href":"https:\/\/pabloromero.fr\/index.php?rest_route=%2Fwp%2Fv2%2Fcategories&post=2428"},{"taxonomy":"post_tag","embeddable":true,"href":"https:\/\/pabloromero.fr\/index.php?rest_route=%2Fwp%2Fv2%2Ftags&post=2428"}],"curies":[{"name":"wp","href":"https:\/\/api.w.org\/{rel}","templated":true}]}}