{"id":3518,"date":"2015-10-03T19:20:28","date_gmt":"2015-10-03T18:20:28","guid":{"rendered":"http:\/\/www.pabloromero.fr\/?p=3518"},"modified":"2015-10-03T19:20:28","modified_gmt":"2015-10-03T18:20:28","slug":"fresque-sur-la-corrida-dans-une-ecole-de-nimes","status":"publish","type":"post","link":"https:\/\/pabloromero.fr\/?p=3518","title":{"rendered":"Fresque sur la corrida dans une \u00e9cole de N\u00eemes"},"content":{"rendered":"<p><a href=\"http:\/\/www.pabloromero.fr\/wp-content\/uploads\/Fresque.jpg\"><img loading=\"lazy\" decoding=\"async\" class=\"alignright size-medium wp-image-3519\" src=\"http:\/\/www.pabloromero.fr\/wp-content\/uploads\/Fresque-300x140.jpg\" alt=\"Fresque\" width=\"300\" height=\"140\" srcset=\"https:\/\/pabloromero.fr\/wp-content\/uploads\/Fresque-300x140.jpg 300w, https:\/\/pabloromero.fr\/wp-content\/uploads\/Fresque.jpg 669w\" sizes=\"(max-width: 300px) 100vw, 300px\" \/><\/a>Madame\/Monsieur,<br \/>\nQu&#8217;en est-il du courage de nos dirigeants, au service du bien public ?<br \/>\nEst-ce en se d\u00e9consid\u00e9rant ainsi qu&#8217;ils redoreront un blason d\u00e9j\u00e0 bien mal en point?<br \/>\nQuelle tristesse !<br \/>\nDe d\u00e9mission en d\u00e9mission, jusqu&#8217;o\u00f9 irons-nous ?<br \/>\nPourquoi cette complaisance ridicule envers les talibans anti-corrida ?<br \/>\nA N\u00eemes, premi\u00e8re ville taurine de France, qui plus est !<br \/>\nLes enseignants de cette \u00e9cole n&#8217;ont eu d&#8217;autre choix que de plier bon gr\u00e9 mal gr\u00e9 devant leur hi\u00e9rarchie&#8230;<br \/>\nQuel scandale, en effet, que ces 2 images honteuses faites par des enfants, ne trouvez-vous pas ?!..<\/p>\n<p>Ces parents d&#8217;\u00e9l\u00e8ves expriment tr\u00e8s bien la chose&#8230;<br \/>\n&#8221; La Direction des Services D\u00e9partementaux de l\u2019\u00c9ducation Nationale du Gard a demand\u00e9 au chef d\u2019\u201b\u00e9tablissement de cette \u00e9cole de faire dispara\u00eetre &#8220;en toute discr\u00e9tion&#8221; toro et torero de cette fresque. Les protestations des enseignants, dont certains ont particip\u00e9, \u00e0 l\u2019\u00e9poque, \u00e0 la r\u00e9alisation de ces peintures avec leurs \u00e9l\u00e8ves de CP, n\u2019y ont rien fait. Il s\u2019agit selon la Direction des Services D\u00e9partementaux de l\u2019\u00c9ducation Nationale du Gard de ne pas alimenter la pol\u00e9mique et de se faire discret. C\u2019est un peu comme si l\u2019\u201b\u00e9tat fran\u00e7ais avait censur\u00e9 Charlie Hebdo au moment de la publication des caricatures du proph\u00e8te afin de ne pas faire vagues. Le toro et le torero ont donc disparu de cette fresque. Il est significatif d\u2019observer, \u00e0 quel point ce &#8220;maquillage&#8221; a soulev\u00e9 l\u2019indignation de la majorit\u00e9 des parents d\u2019\u00e9l\u00e8ves de cette \u00e9cole, toutes tendances confondues (aficionados, indiff\u00e9rents et opposants \u00e0 la corrida). Une! telle majorit\u00e9 ne peut \u00eatre recueillie que sur la base d\u2019une id\u00e9e d\u00e9passant le clivage pro et anti taurins. De m\u00eame, les manifestations qui se sont d\u00e9roul\u00e9es en France le 11 janvier 2015 ont \u00e9t\u00e9 massives et ont largement d\u00e9pass\u00e9 le cadre des sympathisants de Charlie Hebdo. Ce \u00ab maquillage \u00bb soul\u00e8ve une indignation unanime car il repr\u00e9sente en fait une atteinte \u00e0 la culture en g\u00e9n\u00e9ral. De plus, nier l\u2019\u201bexistence de la culture taurine dans les r\u00e9gions de tradition ininterrompue, c\u2019est nier un fait historique. En cela, c\u2019est assimilable \u00e0 du n\u00e9gationnisme (terme invent\u00e9 pour qualifier la n\u00e9gation de la Shoa, et qui par extension est utilis\u00e9 dans les situations de d\u00e9nis manifestes de faits historiques av\u00e9r\u00e9s et indiscutables). D\u00e9passant encore le clivage pro et anti corrida, il y a aussi lieu de s\u2019inqui\u00e9ter sur la capacit\u00e9 d\u2019intrusion de certains mouvements au sein de l\u2019\u201b\u00e9cole de la R\u00e9publique. Aujourd\u2019hui, il s\u2019\u201bagit de ! la modification d\u2019une fresque au nom d\u2019une uniformisation ! des pratiques. Demain, il s\u2019agira de modifier le contenu de programmes scolaires pour des motifs politiques et\/ou religieux. Cet acte de vandalisme commis sous la pression d\u2019une minorit\u00e9 visiblement influente, ne peut rester sans r\u00e9ponse. Aficionado ou pas, n\u2019importe quel citoyen du monde ne peut demeurer passif d\u00e8s lors qu\u2019\u201bil s\u2019agit d\u2019\u00e9touffer une expression culturelle quelle qu\u2019elle soit. Aujourd\u2019hui, c\u2019\u201best une fresque dans une \u00e9cole. Demain, ce sera les dessins de Picasso et plus tard les peintures rupestres de Lascaux. &#8221;<br \/>\nJe ne puis gu\u00e8re vous exprimer confiance et consid\u00e9ration, h\u00e9las !<br \/>\nJacques Teissier, N\u00eemes<\/p>\n<p>Copie \u00e0 : Val\u00e9rie Rouverand, Adjointe au Maire d\u00e9l\u00e9gu\u00e9e \u00e0 l&#8217;Enseignement scolaire<br \/>\net \u00e0 : Fr\u00e9d\u00e9ric Pastor, Adjoint au Maire d\u00e9l\u00e9gu\u00e9 \u00e0 la Tauromachie<\/p>\n","protected":false},"excerpt":{"rendered":"<p>Madame\/Monsieur, Qu&#8217;en est-il du courage de nos dirigeants, au service du bien public ? Est-ce en se d\u00e9consid\u00e9rant ainsi qu&#8217;ils redoreront un blason d\u00e9j\u00e0 bien mal en point? Quelle tristesse ! De d\u00e9mission en d\u00e9mission, jusqu&#8217;o\u00f9 irons-nous ? Pourquoi cette complaisance ridicule envers les talibans anti-corrida ? A N\u00eemes, premi\u00e8re ville taurine de France, qui [&hellip;]<\/p>\n","protected":false},"author":127,"featured_media":0,"comment_status":"open","ping_status":"open","sticky":false,"template":"","format":"standard","meta":{"footnotes":""},"categories":[1],"tags":[],"class_list":["post-3518","post","type-post","status-publish","format-standard","hentry","category-non-classe"],"yoast_head":"<!-- This site is optimized with the Yoast SEO plugin v24.7 - https:\/\/yoast.com\/wordpress\/plugins\/seo\/ -->\n<title>Fresque sur la corrida dans une \u00e9cole de N\u00eemes - Les amis de PABLO ROMERO<\/title>\n<meta name=\"robots\" content=\"index, follow, max-snippet:-1, max-image-preview:large, max-video-preview:-1\" \/>\n<link rel=\"canonical\" href=\"https:\/\/pabloromero.fr\/?p=3518\" \/>\n<meta property=\"og:locale\" content=\"fr_FR\" \/>\n<meta property=\"og:type\" content=\"article\" \/>\n<meta property=\"og:title\" content=\"Fresque sur la corrida dans une \u00e9cole de N\u00eemes - Les amis de PABLO ROMERO\" \/>\n<meta property=\"og:description\" content=\"Madame\/Monsieur, Qu&#8217;en est-il du courage de nos dirigeants, au service du bien public ? Est-ce en se d\u00e9consid\u00e9rant ainsi qu&#8217;ils redoreront un blason d\u00e9j\u00e0 bien mal en point? Quelle tristesse ! De d\u00e9mission en d\u00e9mission, jusqu&#8217;o\u00f9 irons-nous ? Pourquoi cette complaisance ridicule envers les talibans anti-corrida ? A N\u00eemes, premi\u00e8re ville taurine de France, qui [&hellip;]\" \/>\n<meta property=\"og:url\" content=\"https:\/\/pabloromero.fr\/?p=3518\" \/>\n<meta property=\"og:site_name\" content=\"Les amis de PABLO ROMERO\" \/>\n<meta property=\"article:published_time\" content=\"2015-10-03T18:20:28+00:00\" \/>\n<meta property=\"og:image\" content=\"http:\/\/www.pabloromero.fr\/wp-content\/uploads\/Fresque-300x140.jpg\" \/>\n<meta name=\"author\" content=\"Jacques TEISSIER\" \/>\n<meta name=\"twitter:card\" content=\"summary_large_image\" \/>\n<meta name=\"twitter:label1\" content=\"\u00c9crit par\" \/>\n\t<meta name=\"twitter:data1\" content=\"Jacques TEISSIER\" \/>\n\t<meta name=\"twitter:label2\" content=\"Dur\u00e9e de lecture estim\u00e9e\" \/>\n\t<meta name=\"twitter:data2\" content=\"3 minutes\" \/>\n<script type=\"application\/ld+json\" class=\"yoast-schema-graph\">{\"@context\":\"https:\/\/schema.org\",\"@graph\":[{\"@type\":\"WebPage\",\"@id\":\"https:\/\/pabloromero.fr\/?p=3518\",\"url\":\"https:\/\/pabloromero.fr\/?p=3518\",\"name\":\"Fresque sur la corrida dans une \u00e9cole de N\u00eemes - Les amis de PABLO ROMERO\",\"isPartOf\":{\"@id\":\"https:\/\/pabloromero.fr\/#website\"},\"primaryImageOfPage\":{\"@id\":\"https:\/\/pabloromero.fr\/?p=3518#primaryimage\"},\"image\":{\"@id\":\"https:\/\/pabloromero.fr\/?p=3518#primaryimage\"},\"thumbnailUrl\":\"http:\/\/www.pabloromero.fr\/wp-content\/uploads\/Fresque-300x140.jpg\",\"datePublished\":\"2015-10-03T18:20:28+00:00\",\"author\":{\"@id\":\"https:\/\/pabloromero.fr\/#\/schema\/person\/c596e9a552995ff4a7ba12925f8a95bb\"},\"breadcrumb\":{\"@id\":\"https:\/\/pabloromero.fr\/?p=3518#breadcrumb\"},\"inLanguage\":\"fr-FR\",\"potentialAction\":[{\"@type\":\"ReadAction\",\"target\":[\"https:\/\/pabloromero.fr\/?p=3518\"]}]},{\"@type\":\"ImageObject\",\"inLanguage\":\"fr-FR\",\"@id\":\"https:\/\/pabloromero.fr\/?p=3518#primaryimage\",\"url\":\"http:\/\/www.pabloromero.fr\/wp-content\/uploads\/Fresque-300x140.jpg\",\"contentUrl\":\"http:\/\/www.pabloromero.fr\/wp-content\/uploads\/Fresque-300x140.jpg\"},{\"@type\":\"BreadcrumbList\",\"@id\":\"https:\/\/pabloromero.fr\/?p=3518#breadcrumb\",\"itemListElement\":[{\"@type\":\"ListItem\",\"position\":1,\"name\":\"Accueil\",\"item\":\"https:\/\/pabloromero.fr\/\"},{\"@type\":\"ListItem\",\"position\":2,\"name\":\"Fresque sur la corrida dans une \u00e9cole de N\u00eemes\"}]},{\"@type\":\"WebSite\",\"@id\":\"https:\/\/pabloromero.fr\/#website\",\"url\":\"https:\/\/pabloromero.fr\/\",\"name\":\"Les amis de PABLO ROMERO\",\"description\":\"L&#039;activit\u00e9 de l&#039;association &quot;les amis de PABLO ROMERO&quot;\",\"potentialAction\":[{\"@type\":\"SearchAction\",\"target\":{\"@type\":\"EntryPoint\",\"urlTemplate\":\"https:\/\/pabloromero.fr\/?s={search_term_string}\"},\"query-input\":{\"@type\":\"PropertyValueSpecification\",\"valueRequired\":true,\"valueName\":\"search_term_string\"}}],\"inLanguage\":\"fr-FR\"},{\"@type\":\"Person\",\"@id\":\"https:\/\/pabloromero.fr\/#\/schema\/person\/c596e9a552995ff4a7ba12925f8a95bb\",\"name\":\"Jacques TEISSIER\",\"image\":{\"@type\":\"ImageObject\",\"inLanguage\":\"fr-FR\",\"@id\":\"https:\/\/pabloromero.fr\/#\/schema\/person\/image\/\",\"url\":\"https:\/\/secure.gravatar.com\/avatar\/f956a8fc52440542bf459e65927b9e03?s=96&d=mm&r=g\",\"contentUrl\":\"https:\/\/secure.gravatar.com\/avatar\/f956a8fc52440542bf459e65927b9e03?s=96&d=mm&r=g\",\"caption\":\"Jacques TEISSIER\"},\"url\":\"https:\/\/pabloromero.fr\/?author=127\"}]}<\/script>\n<!-- \/ Yoast SEO plugin. -->","yoast_head_json":{"title":"Fresque sur la corrida dans une \u00e9cole de N\u00eemes - Les amis de PABLO ROMERO","robots":{"index":"index","follow":"follow","max-snippet":"max-snippet:-1","max-image-preview":"max-image-preview:large","max-video-preview":"max-video-preview:-1"},"canonical":"https:\/\/pabloromero.fr\/?p=3518","og_locale":"fr_FR","og_type":"article","og_title":"Fresque sur la corrida dans une \u00e9cole de N\u00eemes - Les amis de PABLO ROMERO","og_description":"Madame\/Monsieur, Qu&#8217;en est-il du courage de nos dirigeants, au service du bien public ? Est-ce en se d\u00e9consid\u00e9rant ainsi qu&#8217;ils redoreront un blason d\u00e9j\u00e0 bien mal en point? Quelle tristesse ! De d\u00e9mission en d\u00e9mission, jusqu&#8217;o\u00f9 irons-nous ? Pourquoi cette complaisance ridicule envers les talibans anti-corrida ? A N\u00eemes, premi\u00e8re ville taurine de France, qui [&hellip;]","og_url":"https:\/\/pabloromero.fr\/?p=3518","og_site_name":"Les amis de PABLO ROMERO","article_published_time":"2015-10-03T18:20:28+00:00","og_image":[{"url":"http:\/\/www.pabloromero.fr\/wp-content\/uploads\/Fresque-300x140.jpg","type":"","width":"","height":""}],"author":"Jacques TEISSIER","twitter_card":"summary_large_image","twitter_misc":{"\u00c9crit par":"Jacques TEISSIER","Dur\u00e9e de lecture estim\u00e9e":"3 minutes"},"schema":{"@context":"https:\/\/schema.org","@graph":[{"@type":"WebPage","@id":"https:\/\/pabloromero.fr\/?p=3518","url":"https:\/\/pabloromero.fr\/?p=3518","name":"Fresque sur la corrida dans une \u00e9cole de N\u00eemes - Les amis de PABLO ROMERO","isPartOf":{"@id":"https:\/\/pabloromero.fr\/#website"},"primaryImageOfPage":{"@id":"https:\/\/pabloromero.fr\/?p=3518#primaryimage"},"image":{"@id":"https:\/\/pabloromero.fr\/?p=3518#primaryimage"},"thumbnailUrl":"http:\/\/www.pabloromero.fr\/wp-content\/uploads\/Fresque-300x140.jpg","datePublished":"2015-10-03T18:20:28+00:00","author":{"@id":"https:\/\/pabloromero.fr\/#\/schema\/person\/c596e9a552995ff4a7ba12925f8a95bb"},"breadcrumb":{"@id":"https:\/\/pabloromero.fr\/?p=3518#breadcrumb"},"inLanguage":"fr-FR","potentialAction":[{"@type":"ReadAction","target":["https:\/\/pabloromero.fr\/?p=3518"]}]},{"@type":"ImageObject","inLanguage":"fr-FR","@id":"https:\/\/pabloromero.fr\/?p=3518#primaryimage","url":"http:\/\/www.pabloromero.fr\/wp-content\/uploads\/Fresque-300x140.jpg","contentUrl":"http:\/\/www.pabloromero.fr\/wp-content\/uploads\/Fresque-300x140.jpg"},{"@type":"BreadcrumbList","@id":"https:\/\/pabloromero.fr\/?p=3518#breadcrumb","itemListElement":[{"@type":"ListItem","position":1,"name":"Accueil","item":"https:\/\/pabloromero.fr\/"},{"@type":"ListItem","position":2,"name":"Fresque sur la corrida dans une \u00e9cole de N\u00eemes"}]},{"@type":"WebSite","@id":"https:\/\/pabloromero.fr\/#website","url":"https:\/\/pabloromero.fr\/","name":"Les amis de PABLO ROMERO","description":"L&#039;activit\u00e9 de l&#039;association &quot;les amis de PABLO ROMERO&quot;","potentialAction":[{"@type":"SearchAction","target":{"@type":"EntryPoint","urlTemplate":"https:\/\/pabloromero.fr\/?s={search_term_string}"},"query-input":{"@type":"PropertyValueSpecification","valueRequired":true,"valueName":"search_term_string"}}],"inLanguage":"fr-FR"},{"@type":"Person","@id":"https:\/\/pabloromero.fr\/#\/schema\/person\/c596e9a552995ff4a7ba12925f8a95bb","name":"Jacques TEISSIER","image":{"@type":"ImageObject","inLanguage":"fr-FR","@id":"https:\/\/pabloromero.fr\/#\/schema\/person\/image\/","url":"https:\/\/secure.gravatar.com\/avatar\/f956a8fc52440542bf459e65927b9e03?s=96&d=mm&r=g","contentUrl":"https:\/\/secure.gravatar.com\/avatar\/f956a8fc52440542bf459e65927b9e03?s=96&d=mm&r=g","caption":"Jacques TEISSIER"},"url":"https:\/\/pabloromero.fr\/?author=127"}]}},"_links":{"self":[{"href":"https:\/\/pabloromero.fr\/index.php?rest_route=\/wp\/v2\/posts\/3518"}],"collection":[{"href":"https:\/\/pabloromero.fr\/index.php?rest_route=\/wp\/v2\/posts"}],"about":[{"href":"https:\/\/pabloromero.fr\/index.php?rest_route=\/wp\/v2\/types\/post"}],"author":[{"embeddable":true,"href":"https:\/\/pabloromero.fr\/index.php?rest_route=\/wp\/v2\/users\/127"}],"replies":[{"embeddable":true,"href":"https:\/\/pabloromero.fr\/index.php?rest_route=%2Fwp%2Fv2%2Fcomments&post=3518"}],"version-history":[{"count":1,"href":"https:\/\/pabloromero.fr\/index.php?rest_route=\/wp\/v2\/posts\/3518\/revisions"}],"predecessor-version":[{"id":3520,"href":"https:\/\/pabloromero.fr\/index.php?rest_route=\/wp\/v2\/posts\/3518\/revisions\/3520"}],"wp:attachment":[{"href":"https:\/\/pabloromero.fr\/index.php?rest_route=%2Fwp%2Fv2%2Fmedia&parent=3518"}],"wp:term":[{"taxonomy":"category","embeddable":true,"href":"https:\/\/pabloromero.fr\/index.php?rest_route=%2Fwp%2Fv2%2Fcategories&post=3518"},{"taxonomy":"post_tag","embeddable":true,"href":"https:\/\/pabloromero.fr\/index.php?rest_route=%2Fwp%2Fv2%2Ftags&post=3518"}],"curies":[{"name":"wp","href":"https:\/\/api.w.org\/{rel}","templated":true}]}}