{"id":4094,"date":"2016-07-27T16:27:20","date_gmt":"2016-07-27T15:27:20","guid":{"rendered":"http:\/\/www.pabloromero.fr\/?p=4094"},"modified":"2016-07-27T16:27:20","modified_gmt":"2016-07-27T15:27:20","slug":"grande-capea-organisee-par-la-ville-de-sommieres-le-3-aout-21-h-30","status":"publish","type":"post","link":"https:\/\/pabloromero.fr\/?p=4094","title":{"rendered":"Grande capea organis\u00e9e par la ville de Sommi\u00e8res le 3 Aout 21 h 30"},"content":{"rendered":"<p><a href=\"http:\/\/www.pabloromero.fr\/wp-content\/uploads\/affiche-UCTPR.jpg\"><img loading=\"lazy\" decoding=\"async\" class=\"alignright  wp-image-4095\" src=\"http:\/\/www.pabloromero.fr\/wp-content\/uploads\/affiche-UCTPR.jpg\" alt=\"affiche UCTPR\" width=\"291\" height=\"410\" srcset=\"https:\/\/pabloromero.fr\/wp-content\/uploads\/affiche-UCTPR.jpg 395w, https:\/\/pabloromero.fr\/wp-content\/uploads\/affiche-UCTPR-213x300.jpg 213w\" sizes=\"(max-width: 291px) 100vw, 291px\" \/><\/a><\/p>\n<p>&nbsp;<\/p>\n<p>Grande Capea<\/p>\n<p>Sommi\u00e8res maintien sa tradition taurine espagnole en organisant le <strong>mercredi 3 aout<\/strong>, en nocturne une capea.<\/p>\n<p>C\u2019est une version de la corrida qui se fait sans picadors ni banderilleros, ni mise \u00e0 mort. Le travail du torero s\u2019effectue \u00e0 la cape puis \u00e0 la muleta.<\/p>\n<p>Le calendrier des toreros d\u2019alternative ou des novilleros est trop charg\u00e9 en cette saison estivale et c\u2019est le Centre fran\u00e7ais de tauromachie de N\u00eemes et celui d\u2019Arles qui ont d\u00e9sign\u00e9 de jeunes toreros plein d\u2019avenir. Sera \u00e9galement pr\u00e9sent pour cette capea l\u2019unique aficionado practico sommi\u00e9rois.<\/p>\n<p>Le b\u00e9tail choisi est constitu\u00e9 par 5 vaches espagnoles dont la bravoure a \u00e9t\u00e9 reconnue par le ganadero Mickael Fabre qui poss\u00e8de son \u00e9levage \u00e0 cot\u00e9 de Cannes et Clairan. Chaque vache est tor\u00e9e pendant quinze \u00e0 vingt minutes par les \u00ab\u00a0minots\u00a0\u00bb toreros \u00a0qui sortent tour \u00e0 tour et suivant les directives de leurs instructeurs Patrick Varin et Juan Villanueva en fonction de leur capacit\u00e9s pr\u00e9vues face \u00e0 l\u2019animal. L\u2019aspect \u00e9ducatif est donc primordial mais ne nuit pas au spectacle, au contraire, \u00a0il l\u2019amplifie m\u00eame.<\/p>\n<p>Cette soir\u00e9e d\u00e9butera \u00e0 <strong>21 h 30<\/strong> et sera suivie en piste par une d\u00e9monstration de toreo de salon puis d\u2019une remise de troph\u00e9es et souvenirs..<\/p>\n<p>Le <strong>spectacle de cette grande cape sera gratuit<\/strong>.<\/p>\n<p>La capea est organis\u00e9e par la ville de Sommi\u00e8res avec le concours de l\u2019Aficion, association de d\u00e9fense des Tauromachies et le Centre Fran\u00e7ais de Tauromachies<\/p>\n<p>&nbsp;<\/p>\n<p><img loading=\"lazy\" decoding=\"async\" class=\"aligncenter wp-image-4096\" src=\"http:\/\/www.pabloromero.fr\/wp-content\/uploads\/maquette2-A-4-WEB-194x300.gif\" alt=\"maquette2-A-4-WEB\" width=\"201\" height=\"310\" srcset=\"https:\/\/pabloromero.fr\/wp-content\/uploads\/maquette2-A-4-WEB-194x300.gif 194w, https:\/\/pabloromero.fr\/wp-content\/uploads\/maquette2-A-4-WEB-584x900.gif 584w\" sizes=\"(max-width: 201px) 100vw, 201px\" \/><\/p>\n","protected":false},"excerpt":{"rendered":"<p>&nbsp; Grande Capea Sommi\u00e8res maintien sa tradition taurine espagnole en organisant le mercredi 3 aout, en nocturne une capea. C\u2019est une version de la corrida qui se fait sans picadors ni banderilleros, ni mise \u00e0 mort. Le travail du torero s\u2019effectue \u00e0 la cape puis \u00e0 la muleta. Le calendrier des toreros d\u2019alternative ou des [&hellip;]<\/p>\n","protected":false},"author":41,"featured_media":0,"comment_status":"open","ping_status":"open","sticky":false,"template":"","format":"standard","meta":{"footnotes":""},"categories":[1],"tags":[],"class_list":["post-4094","post","type-post","status-publish","format-standard","hentry","category-non-classe"],"yoast_head":"<!-- This site is optimized with the Yoast SEO plugin v24.7 - https:\/\/yoast.com\/wordpress\/plugins\/seo\/ -->\n<title>Grande capea organis\u00e9e par la ville de Sommi\u00e8res le 3 Aout 21 h 30 - Les amis de PABLO ROMERO<\/title>\n<meta name=\"robots\" content=\"index, follow, max-snippet:-1, max-image-preview:large, max-video-preview:-1\" \/>\n<link rel=\"canonical\" href=\"https:\/\/pabloromero.fr\/?p=4094\" \/>\n<meta property=\"og:locale\" content=\"fr_FR\" \/>\n<meta property=\"og:type\" content=\"article\" \/>\n<meta property=\"og:title\" content=\"Grande capea organis\u00e9e par la ville de Sommi\u00e8res le 3 Aout 21 h 30 - Les amis de PABLO ROMERO\" \/>\n<meta property=\"og:description\" content=\"&nbsp; Grande Capea Sommi\u00e8res maintien sa tradition taurine espagnole en organisant le mercredi 3 aout, en nocturne une capea. C\u2019est une version de la corrida qui se fait sans picadors ni banderilleros, ni mise \u00e0 mort. Le travail du torero s\u2019effectue \u00e0 la cape puis \u00e0 la muleta. Le calendrier des toreros d\u2019alternative ou des [&hellip;]\" \/>\n<meta property=\"og:url\" content=\"https:\/\/pabloromero.fr\/?p=4094\" \/>\n<meta property=\"og:site_name\" content=\"Les amis de PABLO ROMERO\" \/>\n<meta property=\"article:published_time\" content=\"2016-07-27T15:27:20+00:00\" \/>\n<meta property=\"og:image\" content=\"http:\/\/www.pabloromero.fr\/wp-content\/uploads\/affiche-UCTPR.jpg\" \/>\n<meta name=\"author\" content=\"Guy COGOLUENHES\" \/>\n<meta name=\"twitter:card\" content=\"summary_large_image\" \/>\n<meta name=\"twitter:label1\" content=\"\u00c9crit par\" \/>\n\t<meta name=\"twitter:data1\" content=\"Guy COGOLUENHES\" \/>\n\t<meta name=\"twitter:label2\" content=\"Dur\u00e9e de lecture estim\u00e9e\" \/>\n\t<meta name=\"twitter:data2\" content=\"1 minute\" \/>\n<script type=\"application\/ld+json\" class=\"yoast-schema-graph\">{\"@context\":\"https:\/\/schema.org\",\"@graph\":[{\"@type\":\"WebPage\",\"@id\":\"https:\/\/pabloromero.fr\/?p=4094\",\"url\":\"https:\/\/pabloromero.fr\/?p=4094\",\"name\":\"Grande capea organis\u00e9e par la ville de Sommi\u00e8res le 3 Aout 21 h 30 - Les amis de PABLO ROMERO\",\"isPartOf\":{\"@id\":\"https:\/\/pabloromero.fr\/#website\"},\"primaryImageOfPage\":{\"@id\":\"https:\/\/pabloromero.fr\/?p=4094#primaryimage\"},\"image\":{\"@id\":\"https:\/\/pabloromero.fr\/?p=4094#primaryimage\"},\"thumbnailUrl\":\"http:\/\/www.pabloromero.fr\/wp-content\/uploads\/affiche-UCTPR.jpg\",\"datePublished\":\"2016-07-27T15:27:20+00:00\",\"author\":{\"@id\":\"https:\/\/pabloromero.fr\/#\/schema\/person\/64dab3c243864bb26851c6f58904d689\"},\"breadcrumb\":{\"@id\":\"https:\/\/pabloromero.fr\/?p=4094#breadcrumb\"},\"inLanguage\":\"fr-FR\",\"potentialAction\":[{\"@type\":\"ReadAction\",\"target\":[\"https:\/\/pabloromero.fr\/?p=4094\"]}]},{\"@type\":\"ImageObject\",\"inLanguage\":\"fr-FR\",\"@id\":\"https:\/\/pabloromero.fr\/?p=4094#primaryimage\",\"url\":\"http:\/\/www.pabloromero.fr\/wp-content\/uploads\/affiche-UCTPR.jpg\",\"contentUrl\":\"http:\/\/www.pabloromero.fr\/wp-content\/uploads\/affiche-UCTPR.jpg\"},{\"@type\":\"BreadcrumbList\",\"@id\":\"https:\/\/pabloromero.fr\/?p=4094#breadcrumb\",\"itemListElement\":[{\"@type\":\"ListItem\",\"position\":1,\"name\":\"Accueil\",\"item\":\"https:\/\/pabloromero.fr\/\"},{\"@type\":\"ListItem\",\"position\":2,\"name\":\"Grande capea organis\u00e9e par la ville de Sommi\u00e8res le 3 Aout 21 h 30\"}]},{\"@type\":\"WebSite\",\"@id\":\"https:\/\/pabloromero.fr\/#website\",\"url\":\"https:\/\/pabloromero.fr\/\",\"name\":\"Les amis de PABLO ROMERO\",\"description\":\"L&#039;activit\u00e9 de l&#039;association &quot;les amis de PABLO ROMERO&quot;\",\"potentialAction\":[{\"@type\":\"SearchAction\",\"target\":{\"@type\":\"EntryPoint\",\"urlTemplate\":\"https:\/\/pabloromero.fr\/?s={search_term_string}\"},\"query-input\":{\"@type\":\"PropertyValueSpecification\",\"valueRequired\":true,\"valueName\":\"search_term_string\"}}],\"inLanguage\":\"fr-FR\"},{\"@type\":\"Person\",\"@id\":\"https:\/\/pabloromero.fr\/#\/schema\/person\/64dab3c243864bb26851c6f58904d689\",\"name\":\"Guy COGOLUENHES\",\"image\":{\"@type\":\"ImageObject\",\"inLanguage\":\"fr-FR\",\"@id\":\"https:\/\/pabloromero.fr\/#\/schema\/person\/image\/\",\"url\":\"https:\/\/secure.gravatar.com\/avatar\/973685ebfbe755a4ea89da65c333c241?s=96&d=mm&r=g\",\"contentUrl\":\"https:\/\/secure.gravatar.com\/avatar\/973685ebfbe755a4ea89da65c333c241?s=96&d=mm&r=g\",\"caption\":\"Guy COGOLUENHES\"},\"url\":\"https:\/\/pabloromero.fr\/?author=41\"}]}<\/script>\n<!-- \/ Yoast SEO plugin. -->","yoast_head_json":{"title":"Grande capea organis\u00e9e par la ville de Sommi\u00e8res le 3 Aout 21 h 30 - Les amis de PABLO ROMERO","robots":{"index":"index","follow":"follow","max-snippet":"max-snippet:-1","max-image-preview":"max-image-preview:large","max-video-preview":"max-video-preview:-1"},"canonical":"https:\/\/pabloromero.fr\/?p=4094","og_locale":"fr_FR","og_type":"article","og_title":"Grande capea organis\u00e9e par la ville de Sommi\u00e8res le 3 Aout 21 h 30 - Les amis de PABLO ROMERO","og_description":"&nbsp; Grande Capea Sommi\u00e8res maintien sa tradition taurine espagnole en organisant le mercredi 3 aout, en nocturne une capea. C\u2019est une version de la corrida qui se fait sans picadors ni banderilleros, ni mise \u00e0 mort. Le travail du torero s\u2019effectue \u00e0 la cape puis \u00e0 la muleta. Le calendrier des toreros d\u2019alternative ou des [&hellip;]","og_url":"https:\/\/pabloromero.fr\/?p=4094","og_site_name":"Les amis de PABLO ROMERO","article_published_time":"2016-07-27T15:27:20+00:00","og_image":[{"url":"http:\/\/www.pabloromero.fr\/wp-content\/uploads\/affiche-UCTPR.jpg","type":"","width":"","height":""}],"author":"Guy COGOLUENHES","twitter_card":"summary_large_image","twitter_misc":{"\u00c9crit par":"Guy COGOLUENHES","Dur\u00e9e de lecture estim\u00e9e":"1 minute"},"schema":{"@context":"https:\/\/schema.org","@graph":[{"@type":"WebPage","@id":"https:\/\/pabloromero.fr\/?p=4094","url":"https:\/\/pabloromero.fr\/?p=4094","name":"Grande capea organis\u00e9e par la ville de Sommi\u00e8res le 3 Aout 21 h 30 - Les amis de PABLO ROMERO","isPartOf":{"@id":"https:\/\/pabloromero.fr\/#website"},"primaryImageOfPage":{"@id":"https:\/\/pabloromero.fr\/?p=4094#primaryimage"},"image":{"@id":"https:\/\/pabloromero.fr\/?p=4094#primaryimage"},"thumbnailUrl":"http:\/\/www.pabloromero.fr\/wp-content\/uploads\/affiche-UCTPR.jpg","datePublished":"2016-07-27T15:27:20+00:00","author":{"@id":"https:\/\/pabloromero.fr\/#\/schema\/person\/64dab3c243864bb26851c6f58904d689"},"breadcrumb":{"@id":"https:\/\/pabloromero.fr\/?p=4094#breadcrumb"},"inLanguage":"fr-FR","potentialAction":[{"@type":"ReadAction","target":["https:\/\/pabloromero.fr\/?p=4094"]}]},{"@type":"ImageObject","inLanguage":"fr-FR","@id":"https:\/\/pabloromero.fr\/?p=4094#primaryimage","url":"http:\/\/www.pabloromero.fr\/wp-content\/uploads\/affiche-UCTPR.jpg","contentUrl":"http:\/\/www.pabloromero.fr\/wp-content\/uploads\/affiche-UCTPR.jpg"},{"@type":"BreadcrumbList","@id":"https:\/\/pabloromero.fr\/?p=4094#breadcrumb","itemListElement":[{"@type":"ListItem","position":1,"name":"Accueil","item":"https:\/\/pabloromero.fr\/"},{"@type":"ListItem","position":2,"name":"Grande capea organis\u00e9e par la ville de Sommi\u00e8res le 3 Aout 21 h 30"}]},{"@type":"WebSite","@id":"https:\/\/pabloromero.fr\/#website","url":"https:\/\/pabloromero.fr\/","name":"Les amis de PABLO ROMERO","description":"L&#039;activit\u00e9 de l&#039;association &quot;les amis de PABLO ROMERO&quot;","potentialAction":[{"@type":"SearchAction","target":{"@type":"EntryPoint","urlTemplate":"https:\/\/pabloromero.fr\/?s={search_term_string}"},"query-input":{"@type":"PropertyValueSpecification","valueRequired":true,"valueName":"search_term_string"}}],"inLanguage":"fr-FR"},{"@type":"Person","@id":"https:\/\/pabloromero.fr\/#\/schema\/person\/64dab3c243864bb26851c6f58904d689","name":"Guy COGOLUENHES","image":{"@type":"ImageObject","inLanguage":"fr-FR","@id":"https:\/\/pabloromero.fr\/#\/schema\/person\/image\/","url":"https:\/\/secure.gravatar.com\/avatar\/973685ebfbe755a4ea89da65c333c241?s=96&d=mm&r=g","contentUrl":"https:\/\/secure.gravatar.com\/avatar\/973685ebfbe755a4ea89da65c333c241?s=96&d=mm&r=g","caption":"Guy COGOLUENHES"},"url":"https:\/\/pabloromero.fr\/?author=41"}]}},"_links":{"self":[{"href":"https:\/\/pabloromero.fr\/index.php?rest_route=\/wp\/v2\/posts\/4094"}],"collection":[{"href":"https:\/\/pabloromero.fr\/index.php?rest_route=\/wp\/v2\/posts"}],"about":[{"href":"https:\/\/pabloromero.fr\/index.php?rest_route=\/wp\/v2\/types\/post"}],"author":[{"embeddable":true,"href":"https:\/\/pabloromero.fr\/index.php?rest_route=\/wp\/v2\/users\/41"}],"replies":[{"embeddable":true,"href":"https:\/\/pabloromero.fr\/index.php?rest_route=%2Fwp%2Fv2%2Fcomments&post=4094"}],"version-history":[{"count":3,"href":"https:\/\/pabloromero.fr\/index.php?rest_route=\/wp\/v2\/posts\/4094\/revisions"}],"predecessor-version":[{"id":4099,"href":"https:\/\/pabloromero.fr\/index.php?rest_route=\/wp\/v2\/posts\/4094\/revisions\/4099"}],"wp:attachment":[{"href":"https:\/\/pabloromero.fr\/index.php?rest_route=%2Fwp%2Fv2%2Fmedia&parent=4094"}],"wp:term":[{"taxonomy":"category","embeddable":true,"href":"https:\/\/pabloromero.fr\/index.php?rest_route=%2Fwp%2Fv2%2Fcategories&post=4094"},{"taxonomy":"post_tag","embeddable":true,"href":"https:\/\/pabloromero.fr\/index.php?rest_route=%2Fwp%2Fv2%2Ftags&post=4094"}],"curies":[{"name":"wp","href":"https:\/\/api.w.org\/{rel}","templated":true}]}}