{"id":5104,"date":"2017-11-07T16:00:11","date_gmt":"2017-11-07T15:00:11","guid":{"rendered":"http:\/\/www.pabloromero.fr\/?p=5104"},"modified":"2017-11-16T22:44:10","modified_gmt":"2017-11-16T21:44:10","slug":"jeudi-des-artistes-2","status":"publish","type":"post","link":"https:\/\/pabloromero.fr\/?p=5104","title":{"rendered":"JEUDI DES ARTISTES"},"content":{"rendered":"<p>Les amis de PABLO ROMERO a publi\u00e9 un nouvel article, &#8216;<a href=\"http:\/\/www.pabloromero.fr\/?p=5088\">Jeudi des artistes &#8211; 10 \u00e8me saison !<\/a>&#8216;<\/p>\n<p><img loading=\"lazy\" decoding=\"async\" class=\"alignnone wp-image-5089 size-large\" src=\"http:\/\/www.pabloromero.fr\/wp-content\/uploads\/Jeudi_Artistes_09_11_17-637x900.jpg\" sizes=\"(max-width: 637px) 100vw, 637px\" srcset=\"http:\/\/www.pabloromero.fr\/wp-content\/uploads\/Jeudi_Artistes_09_11_17-637x900.jpg 637w, http:\/\/www.pabloromero.fr\/wp-content\/uploads\/Jeudi_Artistes_09_11_17-212x300.jpg 212w, http:\/\/www.pabloromero.fr\/wp-content\/uploads\/Jeudi_Artistes_09_11_17-768x1086.jpg 768w, http:\/\/www.pabloromero.fr\/wp-content\/uploads\/Jeudi_Artistes_09_11_17-543x768.jpg 543w\" width=\"637\" height=\"900\" \/><\/p>\n<p><a href=\"http:\/\/api.addthis.com\/oexchange\/0.8\/forward\/facebook\/offer?url=http%3A%2F%2Fwww.pabloromero.fr%2F%3Fp%3D5088\" target=\"_blank\"><img decoding=\"async\" class=\"gejxcivfvetdisvzzdlv\" src=\"http:\/\/cache.addthiscdn.com\/icons\/v1\/thumbs\/facebook.gif\" alt=\"Like\" border=\"0\" \/><\/a><a href=\"http:\/\/api.addthis.com\/oexchange\/0.8\/forward\/twitter\/offer?url=http%3A%2F%2Fwww.pabloromero.fr%2F%3Fp%3D5088&amp;title=Jeudi+des+artistes+-+10+%C3%A8me+saison+%21\" target=\"_blank\"><img decoding=\"async\" class=\"gejxcivfvetdisvzzdlv\" src=\"http:\/\/cache.addthiscdn.com\/icons\/v1\/thumbs\/twitter.gif\" alt=\"Tweet\" border=\"0\" \/><\/a><\/p>\n<p>vous pouvez retrouver cet article \u00e0<br \/>\n<a href=\"http:\/\/www.pabloromero.fr\/?p=5088\">http:\/\/www.pabloromero.fr\/?p=5088<\/a><\/p>\n<p>Vous recevez ce mail parce que vous vous \u00eates inscrit.<br \/>\nVous pouvez vous desinscrire \u00e0 tout moment en modifiant votre profil.<\/p>\n<p>Les amis de PABLO ROMERO<br \/>\n<a class=\"moz-txt-link-abbreviated\" href=\"mailto:les.amis@pabloromero.fr\">les.amis@pabloromero.fr<\/a><\/p>\n","protected":false},"excerpt":{"rendered":"<p>Les amis de PABLO ROMERO a publi\u00e9 un nouvel article, &#8216;Jeudi des artistes &#8211; 10 \u00e8me saison !&#8216; vous pouvez retrouver cet article \u00e0 http:\/\/www.pabloromero.fr\/?p=5088 Vous recevez ce mail parce que vous vous \u00eates inscrit. Vous pouvez vous desinscrire \u00e0 tout moment en modifiant votre profil. Les amis de PABLO ROMERO les.amis@pabloromero.fr<\/p>\n","protected":false},"author":96,"featured_media":0,"comment_status":"open","ping_status":"closed","sticky":false,"template":"","format":"standard","meta":{"footnotes":""},"categories":[4],"tags":[],"class_list":["post-5104","post","type-post","status-publish","format-standard","hentry","category-jeudis"],"yoast_head":"<!-- This site is optimized with the Yoast SEO plugin v24.7 - https:\/\/yoast.com\/wordpress\/plugins\/seo\/ -->\n<title>JEUDI DES ARTISTES - Les amis de PABLO ROMERO<\/title>\n<meta name=\"robots\" content=\"index, follow, max-snippet:-1, max-image-preview:large, max-video-preview:-1\" \/>\n<link rel=\"canonical\" href=\"https:\/\/pabloromero.fr\/?p=5104\" \/>\n<meta property=\"og:locale\" content=\"fr_FR\" \/>\n<meta property=\"og:type\" content=\"article\" \/>\n<meta property=\"og:title\" content=\"JEUDI DES ARTISTES - Les amis de PABLO ROMERO\" \/>\n<meta property=\"og:description\" content=\"Les amis de PABLO ROMERO a publi\u00e9 un nouvel article, &#8216;Jeudi des artistes &#8211; 10 \u00e8me saison !&#8216; vous pouvez retrouver cet article \u00e0 http:\/\/www.pabloromero.fr\/?p=5088 Vous recevez ce mail parce que vous vous \u00eates inscrit. Vous pouvez vous desinscrire \u00e0 tout moment en modifiant votre profil. Les amis de PABLO ROMERO les.amis@pabloromero.fr\" \/>\n<meta property=\"og:url\" content=\"https:\/\/pabloromero.fr\/?p=5104\" \/>\n<meta property=\"og:site_name\" content=\"Les amis de PABLO ROMERO\" \/>\n<meta property=\"article:published_time\" content=\"2017-11-07T15:00:11+00:00\" \/>\n<meta property=\"article:modified_time\" content=\"2017-11-16T21:44:10+00:00\" \/>\n<meta property=\"og:image\" content=\"http:\/\/www.pabloromero.fr\/wp-content\/uploads\/Jeudi_Artistes_09_11_17-637x900.jpg\" \/>\n<meta name=\"author\" content=\"Ghislaine PEREZ\" \/>\n<meta name=\"twitter:card\" content=\"summary_large_image\" \/>\n<meta name=\"twitter:label1\" content=\"\u00c9crit par\" \/>\n\t<meta name=\"twitter:data1\" content=\"Ghislaine PEREZ\" \/>\n<script type=\"application\/ld+json\" class=\"yoast-schema-graph\">{\"@context\":\"https:\/\/schema.org\",\"@graph\":[{\"@type\":\"WebPage\",\"@id\":\"https:\/\/pabloromero.fr\/?p=5104\",\"url\":\"https:\/\/pabloromero.fr\/?p=5104\",\"name\":\"JEUDI DES ARTISTES - Les amis de PABLO ROMERO\",\"isPartOf\":{\"@id\":\"https:\/\/pabloromero.fr\/#website\"},\"primaryImageOfPage\":{\"@id\":\"https:\/\/pabloromero.fr\/?p=5104#primaryimage\"},\"image\":{\"@id\":\"https:\/\/pabloromero.fr\/?p=5104#primaryimage\"},\"thumbnailUrl\":\"http:\/\/www.pabloromero.fr\/wp-content\/uploads\/Jeudi_Artistes_09_11_17-637x900.jpg\",\"datePublished\":\"2017-11-07T15:00:11+00:00\",\"dateModified\":\"2017-11-16T21:44:10+00:00\",\"author\":{\"@id\":\"https:\/\/pabloromero.fr\/#\/schema\/person\/31f1f2d47ffe89b0c32344865a61e97d\"},\"breadcrumb\":{\"@id\":\"https:\/\/pabloromero.fr\/?p=5104#breadcrumb\"},\"inLanguage\":\"fr-FR\",\"potentialAction\":[{\"@type\":\"ReadAction\",\"target\":[\"https:\/\/pabloromero.fr\/?p=5104\"]}]},{\"@type\":\"ImageObject\",\"inLanguage\":\"fr-FR\",\"@id\":\"https:\/\/pabloromero.fr\/?p=5104#primaryimage\",\"url\":\"http:\/\/www.pabloromero.fr\/wp-content\/uploads\/Jeudi_Artistes_09_11_17-637x900.jpg\",\"contentUrl\":\"http:\/\/www.pabloromero.fr\/wp-content\/uploads\/Jeudi_Artistes_09_11_17-637x900.jpg\"},{\"@type\":\"BreadcrumbList\",\"@id\":\"https:\/\/pabloromero.fr\/?p=5104#breadcrumb\",\"itemListElement\":[{\"@type\":\"ListItem\",\"position\":1,\"name\":\"Accueil\",\"item\":\"https:\/\/pabloromero.fr\/\"},{\"@type\":\"ListItem\",\"position\":2,\"name\":\"JEUDI DES ARTISTES\"}]},{\"@type\":\"WebSite\",\"@id\":\"https:\/\/pabloromero.fr\/#website\",\"url\":\"https:\/\/pabloromero.fr\/\",\"name\":\"Les amis de PABLO ROMERO\",\"description\":\"L&#039;activit\u00e9 de l&#039;association &quot;les amis de PABLO ROMERO&quot;\",\"potentialAction\":[{\"@type\":\"SearchAction\",\"target\":{\"@type\":\"EntryPoint\",\"urlTemplate\":\"https:\/\/pabloromero.fr\/?s={search_term_string}\"},\"query-input\":{\"@type\":\"PropertyValueSpecification\",\"valueRequired\":true,\"valueName\":\"search_term_string\"}}],\"inLanguage\":\"fr-FR\"},{\"@type\":\"Person\",\"@id\":\"https:\/\/pabloromero.fr\/#\/schema\/person\/31f1f2d47ffe89b0c32344865a61e97d\",\"name\":\"Ghislaine PEREZ\",\"image\":{\"@type\":\"ImageObject\",\"inLanguage\":\"fr-FR\",\"@id\":\"https:\/\/pabloromero.fr\/#\/schema\/person\/image\/\",\"url\":\"https:\/\/secure.gravatar.com\/avatar\/4d0ab6f932c9cdea7ae141ec2ac544b4?s=96&d=mm&r=g\",\"contentUrl\":\"https:\/\/secure.gravatar.com\/avatar\/4d0ab6f932c9cdea7ae141ec2ac544b4?s=96&d=mm&r=g\",\"caption\":\"Ghislaine PEREZ\"},\"url\":\"https:\/\/pabloromero.fr\/?author=96\"}]}<\/script>\n<!-- \/ Yoast SEO plugin. -->","yoast_head_json":{"title":"JEUDI DES ARTISTES - Les amis de PABLO ROMERO","robots":{"index":"index","follow":"follow","max-snippet":"max-snippet:-1","max-image-preview":"max-image-preview:large","max-video-preview":"max-video-preview:-1"},"canonical":"https:\/\/pabloromero.fr\/?p=5104","og_locale":"fr_FR","og_type":"article","og_title":"JEUDI DES ARTISTES - Les amis de PABLO ROMERO","og_description":"Les amis de PABLO ROMERO a publi\u00e9 un nouvel article, &#8216;Jeudi des artistes &#8211; 10 \u00e8me saison !&#8216; vous pouvez retrouver cet article \u00e0 http:\/\/www.pabloromero.fr\/?p=5088 Vous recevez ce mail parce que vous vous \u00eates inscrit. Vous pouvez vous desinscrire \u00e0 tout moment en modifiant votre profil. Les amis de PABLO ROMERO les.amis@pabloromero.fr","og_url":"https:\/\/pabloromero.fr\/?p=5104","og_site_name":"Les amis de PABLO ROMERO","article_published_time":"2017-11-07T15:00:11+00:00","article_modified_time":"2017-11-16T21:44:10+00:00","og_image":[{"url":"http:\/\/www.pabloromero.fr\/wp-content\/uploads\/Jeudi_Artistes_09_11_17-637x900.jpg","type":"","width":"","height":""}],"author":"Ghislaine PEREZ","twitter_card":"summary_large_image","twitter_misc":{"\u00c9crit par":"Ghislaine PEREZ"},"schema":{"@context":"https:\/\/schema.org","@graph":[{"@type":"WebPage","@id":"https:\/\/pabloromero.fr\/?p=5104","url":"https:\/\/pabloromero.fr\/?p=5104","name":"JEUDI DES ARTISTES - Les amis de PABLO ROMERO","isPartOf":{"@id":"https:\/\/pabloromero.fr\/#website"},"primaryImageOfPage":{"@id":"https:\/\/pabloromero.fr\/?p=5104#primaryimage"},"image":{"@id":"https:\/\/pabloromero.fr\/?p=5104#primaryimage"},"thumbnailUrl":"http:\/\/www.pabloromero.fr\/wp-content\/uploads\/Jeudi_Artistes_09_11_17-637x900.jpg","datePublished":"2017-11-07T15:00:11+00:00","dateModified":"2017-11-16T21:44:10+00:00","author":{"@id":"https:\/\/pabloromero.fr\/#\/schema\/person\/31f1f2d47ffe89b0c32344865a61e97d"},"breadcrumb":{"@id":"https:\/\/pabloromero.fr\/?p=5104#breadcrumb"},"inLanguage":"fr-FR","potentialAction":[{"@type":"ReadAction","target":["https:\/\/pabloromero.fr\/?p=5104"]}]},{"@type":"ImageObject","inLanguage":"fr-FR","@id":"https:\/\/pabloromero.fr\/?p=5104#primaryimage","url":"http:\/\/www.pabloromero.fr\/wp-content\/uploads\/Jeudi_Artistes_09_11_17-637x900.jpg","contentUrl":"http:\/\/www.pabloromero.fr\/wp-content\/uploads\/Jeudi_Artistes_09_11_17-637x900.jpg"},{"@type":"BreadcrumbList","@id":"https:\/\/pabloromero.fr\/?p=5104#breadcrumb","itemListElement":[{"@type":"ListItem","position":1,"name":"Accueil","item":"https:\/\/pabloromero.fr\/"},{"@type":"ListItem","position":2,"name":"JEUDI DES ARTISTES"}]},{"@type":"WebSite","@id":"https:\/\/pabloromero.fr\/#website","url":"https:\/\/pabloromero.fr\/","name":"Les amis de PABLO ROMERO","description":"L&#039;activit\u00e9 de l&#039;association &quot;les amis de PABLO ROMERO&quot;","potentialAction":[{"@type":"SearchAction","target":{"@type":"EntryPoint","urlTemplate":"https:\/\/pabloromero.fr\/?s={search_term_string}"},"query-input":{"@type":"PropertyValueSpecification","valueRequired":true,"valueName":"search_term_string"}}],"inLanguage":"fr-FR"},{"@type":"Person","@id":"https:\/\/pabloromero.fr\/#\/schema\/person\/31f1f2d47ffe89b0c32344865a61e97d","name":"Ghislaine PEREZ","image":{"@type":"ImageObject","inLanguage":"fr-FR","@id":"https:\/\/pabloromero.fr\/#\/schema\/person\/image\/","url":"https:\/\/secure.gravatar.com\/avatar\/4d0ab6f932c9cdea7ae141ec2ac544b4?s=96&d=mm&r=g","contentUrl":"https:\/\/secure.gravatar.com\/avatar\/4d0ab6f932c9cdea7ae141ec2ac544b4?s=96&d=mm&r=g","caption":"Ghislaine PEREZ"},"url":"https:\/\/pabloromero.fr\/?author=96"}]}},"_links":{"self":[{"href":"https:\/\/pabloromero.fr\/index.php?rest_route=\/wp\/v2\/posts\/5104"}],"collection":[{"href":"https:\/\/pabloromero.fr\/index.php?rest_route=\/wp\/v2\/posts"}],"about":[{"href":"https:\/\/pabloromero.fr\/index.php?rest_route=\/wp\/v2\/types\/post"}],"author":[{"embeddable":true,"href":"https:\/\/pabloromero.fr\/index.php?rest_route=\/wp\/v2\/users\/96"}],"replies":[{"embeddable":true,"href":"https:\/\/pabloromero.fr\/index.php?rest_route=%2Fwp%2Fv2%2Fcomments&post=5104"}],"version-history":[{"count":4,"href":"https:\/\/pabloromero.fr\/index.php?rest_route=\/wp\/v2\/posts\/5104\/revisions"}],"predecessor-version":[{"id":5114,"href":"https:\/\/pabloromero.fr\/index.php?rest_route=\/wp\/v2\/posts\/5104\/revisions\/5114"}],"wp:attachment":[{"href":"https:\/\/pabloromero.fr\/index.php?rest_route=%2Fwp%2Fv2%2Fmedia&parent=5104"}],"wp:term":[{"taxonomy":"category","embeddable":true,"href":"https:\/\/pabloromero.fr\/index.php?rest_route=%2Fwp%2Fv2%2Fcategories&post=5104"},{"taxonomy":"post_tag","embeddable":true,"href":"https:\/\/pabloromero.fr\/index.php?rest_route=%2Fwp%2Fv2%2Ftags&post=5104"}],"curies":[{"name":"wp","href":"https:\/\/api.w.org\/{rel}","templated":true}]}}