{"id":5998,"date":"2018-12-05T00:01:38","date_gmt":"2018-12-04T23:01:38","guid":{"rendered":"http:\/\/www.pabloromero.fr\/?p=5998"},"modified":"2018-12-05T00:01:38","modified_gmt":"2018-12-04T23:01:38","slug":"jeudi-des-artistes-le-13-decembre","status":"publish","type":"post","link":"https:\/\/pabloromero.fr\/?p=5998","title":{"rendered":"Jeudi des Artistes le 13 D\u00e9cembre"},"content":{"rendered":"<p><span style=\"font-size: 14pt;\">Jeudi 13 D\u00e9cembre \u00e0 partir de 19h \u00e0 la bodega des Amis de Pablo Romero, 2e soir\u00e9e du Jeudi des Artistes avec Muriel Goro et Kikou.<\/span><\/p>\n<p><img loading=\"lazy\" decoding=\"async\" class=\"alignnone size-full wp-image-5999\" src=\"http:\/\/www.pabloromero.fr\/wp-content\/uploads\/jeudi13a.jpg\" alt=\"\" width=\"818\" height=\"1157\" srcset=\"https:\/\/pabloromero.fr\/wp-content\/uploads\/jeudi13a.jpg 818w, https:\/\/pabloromero.fr\/wp-content\/uploads\/jeudi13a-212x300.jpg 212w, https:\/\/pabloromero.fr\/wp-content\/uploads\/jeudi13a-768x1086.jpg 768w, https:\/\/pabloromero.fr\/wp-content\/uploads\/jeudi13a-636x900.jpg 636w, https:\/\/pabloromero.fr\/wp-content\/uploads\/jeudi13a-543x768.jpg 543w\" sizes=\"(max-width: 818px) 100vw, 818px\" \/><\/p>\n","protected":false},"excerpt":{"rendered":"<p>Jeudi 13 D\u00e9cembre \u00e0 partir de 19h \u00e0 la bodega des Amis de Pablo Romero, 2e soir\u00e9e du Jeudi des Artistes avec Muriel Goro et Kikou.<\/p>\n","protected":false},"author":290,"featured_media":0,"comment_status":"open","ping_status":"closed","sticky":false,"template":"","format":"standard","meta":{"footnotes":""},"categories":[5],"tags":[],"class_list":["post-5998","post","type-post","status-publish","format-standard","hentry","category-activite"],"yoast_head":"<!-- This site is optimized with the Yoast SEO plugin v24.7 - https:\/\/yoast.com\/wordpress\/plugins\/seo\/ -->\n<title>Jeudi des Artistes le 13 D\u00e9cembre - Les amis de PABLO ROMERO<\/title>\n<meta name=\"robots\" content=\"index, follow, max-snippet:-1, max-image-preview:large, max-video-preview:-1\" \/>\n<link rel=\"canonical\" href=\"https:\/\/pabloromero.fr\/?p=5998\" \/>\n<meta property=\"og:locale\" content=\"fr_FR\" \/>\n<meta property=\"og:type\" content=\"article\" \/>\n<meta property=\"og:title\" content=\"Jeudi des Artistes le 13 D\u00e9cembre - Les amis de PABLO ROMERO\" \/>\n<meta property=\"og:description\" content=\"Jeudi 13 D\u00e9cembre \u00e0 partir de 19h \u00e0 la bodega des Amis de Pablo Romero, 2e soir\u00e9e du Jeudi des Artistes avec Muriel Goro et Kikou.\" \/>\n<meta property=\"og:url\" content=\"https:\/\/pabloromero.fr\/?p=5998\" \/>\n<meta property=\"og:site_name\" content=\"Les amis de PABLO ROMERO\" \/>\n<meta property=\"article:published_time\" content=\"2018-12-04T23:01:38+00:00\" \/>\n<meta property=\"og:image\" content=\"http:\/\/www.pabloromero.fr\/wp-content\/uploads\/jeudi13a.jpg\" \/>\n<meta name=\"author\" content=\"Lilian\" \/>\n<meta name=\"twitter:card\" content=\"summary_large_image\" \/>\n<meta name=\"twitter:label1\" content=\"\u00c9crit par\" \/>\n\t<meta name=\"twitter:data1\" content=\"Lilian\" \/>\n<script type=\"application\/ld+json\" class=\"yoast-schema-graph\">{\"@context\":\"https:\/\/schema.org\",\"@graph\":[{\"@type\":\"WebPage\",\"@id\":\"https:\/\/pabloromero.fr\/?p=5998\",\"url\":\"https:\/\/pabloromero.fr\/?p=5998\",\"name\":\"Jeudi des Artistes le 13 D\u00e9cembre - Les amis de PABLO ROMERO\",\"isPartOf\":{\"@id\":\"https:\/\/pabloromero.fr\/#website\"},\"primaryImageOfPage\":{\"@id\":\"https:\/\/pabloromero.fr\/?p=5998#primaryimage\"},\"image\":{\"@id\":\"https:\/\/pabloromero.fr\/?p=5998#primaryimage\"},\"thumbnailUrl\":\"http:\/\/www.pabloromero.fr\/wp-content\/uploads\/jeudi13a.jpg\",\"datePublished\":\"2018-12-04T23:01:38+00:00\",\"author\":{\"@id\":\"https:\/\/pabloromero.fr\/#\/schema\/person\/cd974be8fb5135a21a53091be44f72f7\"},\"breadcrumb\":{\"@id\":\"https:\/\/pabloromero.fr\/?p=5998#breadcrumb\"},\"inLanguage\":\"fr-FR\",\"potentialAction\":[{\"@type\":\"ReadAction\",\"target\":[\"https:\/\/pabloromero.fr\/?p=5998\"]}]},{\"@type\":\"ImageObject\",\"inLanguage\":\"fr-FR\",\"@id\":\"https:\/\/pabloromero.fr\/?p=5998#primaryimage\",\"url\":\"http:\/\/www.pabloromero.fr\/wp-content\/uploads\/jeudi13a.jpg\",\"contentUrl\":\"http:\/\/www.pabloromero.fr\/wp-content\/uploads\/jeudi13a.jpg\"},{\"@type\":\"BreadcrumbList\",\"@id\":\"https:\/\/pabloromero.fr\/?p=5998#breadcrumb\",\"itemListElement\":[{\"@type\":\"ListItem\",\"position\":1,\"name\":\"Accueil\",\"item\":\"https:\/\/pabloromero.fr\/\"},{\"@type\":\"ListItem\",\"position\":2,\"name\":\"Jeudi des Artistes le 13 D\u00e9cembre\"}]},{\"@type\":\"WebSite\",\"@id\":\"https:\/\/pabloromero.fr\/#website\",\"url\":\"https:\/\/pabloromero.fr\/\",\"name\":\"Les amis de PABLO ROMERO\",\"description\":\"L&#039;activit\u00e9 de l&#039;association &quot;les amis de PABLO ROMERO&quot;\",\"potentialAction\":[{\"@type\":\"SearchAction\",\"target\":{\"@type\":\"EntryPoint\",\"urlTemplate\":\"https:\/\/pabloromero.fr\/?s={search_term_string}\"},\"query-input\":{\"@type\":\"PropertyValueSpecification\",\"valueRequired\":true,\"valueName\":\"search_term_string\"}}],\"inLanguage\":\"fr-FR\"},{\"@type\":\"Person\",\"@id\":\"https:\/\/pabloromero.fr\/#\/schema\/person\/cd974be8fb5135a21a53091be44f72f7\",\"name\":\"Lilian\",\"image\":{\"@type\":\"ImageObject\",\"inLanguage\":\"fr-FR\",\"@id\":\"https:\/\/pabloromero.fr\/#\/schema\/person\/image\/\",\"url\":\"https:\/\/secure.gravatar.com\/avatar\/665cb1b63473a4702e99a1fe129b1c30?s=96&d=mm&r=g\",\"contentUrl\":\"https:\/\/secure.gravatar.com\/avatar\/665cb1b63473a4702e99a1fe129b1c30?s=96&d=mm&r=g\",\"caption\":\"Lilian\"},\"url\":\"https:\/\/pabloromero.fr\/?author=290\"}]}<\/script>\n<!-- \/ Yoast SEO plugin. -->","yoast_head_json":{"title":"Jeudi des Artistes le 13 D\u00e9cembre - Les amis de PABLO ROMERO","robots":{"index":"index","follow":"follow","max-snippet":"max-snippet:-1","max-image-preview":"max-image-preview:large","max-video-preview":"max-video-preview:-1"},"canonical":"https:\/\/pabloromero.fr\/?p=5998","og_locale":"fr_FR","og_type":"article","og_title":"Jeudi des Artistes le 13 D\u00e9cembre - Les amis de PABLO ROMERO","og_description":"Jeudi 13 D\u00e9cembre \u00e0 partir de 19h \u00e0 la bodega des Amis de Pablo Romero, 2e soir\u00e9e du Jeudi des Artistes avec Muriel Goro et Kikou.","og_url":"https:\/\/pabloromero.fr\/?p=5998","og_site_name":"Les amis de PABLO ROMERO","article_published_time":"2018-12-04T23:01:38+00:00","og_image":[{"url":"http:\/\/www.pabloromero.fr\/wp-content\/uploads\/jeudi13a.jpg","type":"","width":"","height":""}],"author":"Lilian","twitter_card":"summary_large_image","twitter_misc":{"\u00c9crit par":"Lilian"},"schema":{"@context":"https:\/\/schema.org","@graph":[{"@type":"WebPage","@id":"https:\/\/pabloromero.fr\/?p=5998","url":"https:\/\/pabloromero.fr\/?p=5998","name":"Jeudi des Artistes le 13 D\u00e9cembre - Les amis de PABLO ROMERO","isPartOf":{"@id":"https:\/\/pabloromero.fr\/#website"},"primaryImageOfPage":{"@id":"https:\/\/pabloromero.fr\/?p=5998#primaryimage"},"image":{"@id":"https:\/\/pabloromero.fr\/?p=5998#primaryimage"},"thumbnailUrl":"http:\/\/www.pabloromero.fr\/wp-content\/uploads\/jeudi13a.jpg","datePublished":"2018-12-04T23:01:38+00:00","author":{"@id":"https:\/\/pabloromero.fr\/#\/schema\/person\/cd974be8fb5135a21a53091be44f72f7"},"breadcrumb":{"@id":"https:\/\/pabloromero.fr\/?p=5998#breadcrumb"},"inLanguage":"fr-FR","potentialAction":[{"@type":"ReadAction","target":["https:\/\/pabloromero.fr\/?p=5998"]}]},{"@type":"ImageObject","inLanguage":"fr-FR","@id":"https:\/\/pabloromero.fr\/?p=5998#primaryimage","url":"http:\/\/www.pabloromero.fr\/wp-content\/uploads\/jeudi13a.jpg","contentUrl":"http:\/\/www.pabloromero.fr\/wp-content\/uploads\/jeudi13a.jpg"},{"@type":"BreadcrumbList","@id":"https:\/\/pabloromero.fr\/?p=5998#breadcrumb","itemListElement":[{"@type":"ListItem","position":1,"name":"Accueil","item":"https:\/\/pabloromero.fr\/"},{"@type":"ListItem","position":2,"name":"Jeudi des Artistes le 13 D\u00e9cembre"}]},{"@type":"WebSite","@id":"https:\/\/pabloromero.fr\/#website","url":"https:\/\/pabloromero.fr\/","name":"Les amis de PABLO ROMERO","description":"L&#039;activit\u00e9 de l&#039;association &quot;les amis de PABLO ROMERO&quot;","potentialAction":[{"@type":"SearchAction","target":{"@type":"EntryPoint","urlTemplate":"https:\/\/pabloromero.fr\/?s={search_term_string}"},"query-input":{"@type":"PropertyValueSpecification","valueRequired":true,"valueName":"search_term_string"}}],"inLanguage":"fr-FR"},{"@type":"Person","@id":"https:\/\/pabloromero.fr\/#\/schema\/person\/cd974be8fb5135a21a53091be44f72f7","name":"Lilian","image":{"@type":"ImageObject","inLanguage":"fr-FR","@id":"https:\/\/pabloromero.fr\/#\/schema\/person\/image\/","url":"https:\/\/secure.gravatar.com\/avatar\/665cb1b63473a4702e99a1fe129b1c30?s=96&d=mm&r=g","contentUrl":"https:\/\/secure.gravatar.com\/avatar\/665cb1b63473a4702e99a1fe129b1c30?s=96&d=mm&r=g","caption":"Lilian"},"url":"https:\/\/pabloromero.fr\/?author=290"}]}},"_links":{"self":[{"href":"https:\/\/pabloromero.fr\/index.php?rest_route=\/wp\/v2\/posts\/5998"}],"collection":[{"href":"https:\/\/pabloromero.fr\/index.php?rest_route=\/wp\/v2\/posts"}],"about":[{"href":"https:\/\/pabloromero.fr\/index.php?rest_route=\/wp\/v2\/types\/post"}],"author":[{"embeddable":true,"href":"https:\/\/pabloromero.fr\/index.php?rest_route=\/wp\/v2\/users\/290"}],"replies":[{"embeddable":true,"href":"https:\/\/pabloromero.fr\/index.php?rest_route=%2Fwp%2Fv2%2Fcomments&post=5998"}],"version-history":[{"count":2,"href":"https:\/\/pabloromero.fr\/index.php?rest_route=\/wp\/v2\/posts\/5998\/revisions"}],"predecessor-version":[{"id":6001,"href":"https:\/\/pabloromero.fr\/index.php?rest_route=\/wp\/v2\/posts\/5998\/revisions\/6001"}],"wp:attachment":[{"href":"https:\/\/pabloromero.fr\/index.php?rest_route=%2Fwp%2Fv2%2Fmedia&parent=5998"}],"wp:term":[{"taxonomy":"category","embeddable":true,"href":"https:\/\/pabloromero.fr\/index.php?rest_route=%2Fwp%2Fv2%2Fcategories&post=5998"},{"taxonomy":"post_tag","embeddable":true,"href":"https:\/\/pabloromero.fr\/index.php?rest_route=%2Fwp%2Fv2%2Ftags&post=5998"}],"curies":[{"name":"wp","href":"https:\/\/api.w.org\/{rel}","templated":true}]}}